{"id":3139,"date":"2022-02-26T23:49:53","date_gmt":"2022-02-26T22:49:53","guid":{"rendered":"https:\/\/6x7.ch\/photographie\/?p=3139"},"modified":"2022-04-02T10:19:25","modified_gmt":"2022-04-02T08:19:25","slug":"samse-de-saut-a-ski-aux-rousses-fevrier-2022","status":"publish","type":"post","link":"https:\/\/6x7.ch\/photographie\/2022\/02\/samse-de-saut-a-ski-aux-rousses-fevrier-2022\/","title":{"rendered":"Samse de saut \u00e0 ski aux Rousses &#8211; f\u00e9vrier 2022"},"content":{"rendered":"\n<p>Le Samse National Tour de saut sp\u00e9cial se d\u00e9roulait aux Rousses, vendredi 25 f\u00e9vrier 2022. Cette \u00e9preuve, destin\u00e9e au U13 et plus jeunes, \u00e9tait la premi\u00e8re de trois journ\u00e9es, les deux suivantes devant se d\u00e9rouler \u00e0 Chaux-Neuve.<\/p>\n\n\n\n<!--more-->\n\n\n\n<h2 class=\"wp-block-heading\">Samse de saut \u00e0 ski aux Rousses &#8211; f\u00e9vrier 2022<\/h2>\n\n\n\n<div class=\"wp-block-image\"><figure class=\"aligncenter size-large\"><img loading=\"lazy\" decoding=\"async\" width=\"1024\" height=\"682\" src=\"https:\/\/6x7.ch\/photographie\/wp-content\/uploads\/2022\/02\/Canon-EOS-1D-X-Mark-II-20220225-175407-4780-1024x682.jpg\" alt=\"\" class=\"wp-image-3080\" srcset=\"https:\/\/6x7.ch\/photographie\/wp-content\/uploads\/2022\/02\/Canon-EOS-1D-X-Mark-II-20220225-175407-4780-1024x682.jpg 1024w, https:\/\/6x7.ch\/photographie\/wp-content\/uploads\/2022\/02\/Canon-EOS-1D-X-Mark-II-20220225-175407-4780-300x200.jpg 300w, https:\/\/6x7.ch\/photographie\/wp-content\/uploads\/2022\/02\/Canon-EOS-1D-X-Mark-II-20220225-175407-4780-600x400.jpg 600w, https:\/\/6x7.ch\/photographie\/wp-content\/uploads\/2022\/02\/Canon-EOS-1D-X-Mark-II-20220225-175407-4780-150x100.jpg 150w, https:\/\/6x7.ch\/photographie\/wp-content\/uploads\/2022\/02\/Canon-EOS-1D-X-Mark-II-20220225-175407-4780-768x512.jpg 768w, https:\/\/6x7.ch\/photographie\/wp-content\/uploads\/2022\/02\/Canon-EOS-1D-X-Mark-II-20220225-175407-4780-1536x1024.jpg 1536w, https:\/\/6x7.ch\/photographie\/wp-content\/uploads\/2022\/02\/Canon-EOS-1D-X-Mark-II-20220225-175407-4780.jpg 2000w\" sizes=\"auto, (max-width: 1024px) 100vw, 1024px\" \/><\/figure><\/div>\n\n\n\n<p>M\u00eame s&rsquo;il m&rsquo;\u00e9tait impossible de consacrer tout le week-end \u00e0 ces \u00e9preuves, voici au moins quelques images de ce vendredi, avec une s\u00e9rie qui commence \u00e0 la lumi\u00e8re du jour, ou au moins du cr\u00e9puscule, pour se continuer \u00e0 la lumi\u00e8re tr\u00e8s artificielle des projecteurs \u00e9clairant les tremplins de l&rsquo;Omnibus. Avec \u00e9videmment, des cons\u00e9quences sur la qualit\u00e9 des images&#8230;<\/p>\n\n\n\n<p>Remerciement sp\u00e9cial \u00e0 un photographe de passage aux Rousses durant cette \u00e9preuve qui me permet de pr\u00e9senter dans cette galerie la derni\u00e8re photo, du dernier podium : mon flash avait rendu l&rsquo;\u00e2me vingt secondes trop t\u00f4t&#8230; Merci donc \u00e0 Ph.MARTIN-FAVROT \u00e0 qui nous devons l&rsquo;image du dernier podium de la s\u00e9rie&#8230;<\/p>\n\n\n<style type=\"text\/css\">\n#foogallery-gallery-3138.fg-justified .fg-item { margin-right: 2px; margin-bottom: 2px; }\n#foogallery-gallery-3138.fg-justified .fg-image { height: 200px; }<\/style>\n\t\t\t<div class=\"foogallery foogallery-container foogallery-justified foogallery-lightbox-none fg-justified fg-ready fg-light fg-shadow-outline fg-loading-default fg-loaded-fade-in fg-caption-always fg-hover-fade fg-hover-zoom2\" id=\"foogallery-gallery-3138\" data-foogallery=\"{&quot;item&quot;:{&quot;showCaptionTitle&quot;:true,&quot;showCaptionDescription&quot;:false},&quot;lazy&quot;:true,&quot;template&quot;:{&quot;rowHeight&quot;:200,&quot;maxRowHeight&quot;:300,&quot;margins&quot;:2,&quot;align&quot;:&quot;center&quot;,&quot;lastRow&quot;:&quot;smart&quot;}}\" style=\"--fg-title-line-clamp: 0; --fg-description-line-clamp: 0;\" >\n\t<div class=\"fg-item fg-type-image fg-idle\"><figure class=\"fg-item-inner\"><a href=\"https:\/\/6x7.ch\/photographie\/wp-content\/uploads\/2022\/02\/Canon-EOS-1D-X-Mark-II-20220225-173551-4706.jpg\" data-attachment-id=\"3066\" data-type=\"image\" class=\"fg-thumb\"><span class=\"fg-image-wrap\"><img fetchpriority=\"high\" decoding=\"async\" height=\"300\" width=\"450\" class=\"skip-lazy fg-image\" data-src-fg=\"https:\/\/6x7.ch\/photographie\/wp-content\/uploads\/cache\/2022\/02\/Canon-EOS-1D-X-Mark-II-20220225-173551-4706\/2423359164.jpg\" data-srcset-fg=\"https:\/\/6x7.ch\/photographie\/wp-content\/uploads\/cache\/2022\/02\/Canon-EOS-1D-X-Mark-II-20220225-173551-4706\/3147534216.jpg 2x\" src=\"data:image\/svg+xml,%3Csvg%20xmlns%3D%22http%3A%2F%2Fwww.w3.org%2F2000%2Fsvg%22%20width%3D%22450%22%20height%3D%22300%22%20viewBox%3D%220%200%20450%20300%22%3E%3C%2Fsvg%3E\" loading=\"eager\"><\/span><span class=\"fg-image-overlay\"><\/span><\/a><\/figure><div class=\"fg-loader\"><\/div><\/div><div class=\"fg-item fg-type-image fg-idle\"><figure class=\"fg-item-inner\"><a href=\"https:\/\/6x7.ch\/photographie\/wp-content\/uploads\/2022\/02\/Canon-EOS-1D-X-Mark-II-20220225-173551-4707.jpg\" data-attachment-id=\"3067\" data-type=\"image\" class=\"fg-thumb\"><span class=\"fg-image-wrap\"><img decoding=\"async\" height=\"300\" width=\"450\" class=\"skip-lazy fg-image\" data-src-fg=\"https:\/\/6x7.ch\/photographie\/wp-content\/uploads\/cache\/2022\/02\/Canon-EOS-1D-X-Mark-II-20220225-173551-4707\/3925199208.jpg\" data-srcset-fg=\"https:\/\/6x7.ch\/photographie\/wp-content\/uploads\/cache\/2022\/02\/Canon-EOS-1D-X-Mark-II-20220225-173551-4707\/3256860764.jpg 2x\" src=\"data:image\/svg+xml,%3Csvg%20xmlns%3D%22http%3A%2F%2Fwww.w3.org%2F2000%2Fsvg%22%20width%3D%22450%22%20height%3D%22300%22%20viewBox%3D%220%200%20450%20300%22%3E%3C%2Fsvg%3E\" loading=\"eager\"><\/span><span class=\"fg-image-overlay\"><\/span><\/a><\/figure><div class=\"fg-loader\"><\/div><\/div><div class=\"fg-item fg-type-image fg-idle\"><figure class=\"fg-item-inner\"><a href=\"https:\/\/6x7.ch\/photographie\/wp-content\/uploads\/2022\/02\/Canon-EOS-1D-X-Mark-II-20220225-173635-4709.jpg\" data-attachment-id=\"3068\" data-type=\"image\" class=\"fg-thumb\"><span class=\"fg-image-wrap\"><img decoding=\"async\" height=\"300\" width=\"450\" class=\"skip-lazy fg-image\" data-src-fg=\"https:\/\/6x7.ch\/photographie\/wp-content\/uploads\/cache\/2022\/02\/Canon-EOS-1D-X-Mark-II-20220225-173635-4709\/3245677024.jpg\" data-srcset-fg=\"https:\/\/6x7.ch\/photographie\/wp-content\/uploads\/cache\/2022\/02\/Canon-EOS-1D-X-Mark-II-20220225-173635-4709\/3936293076.jpg 2x\" src=\"data:image\/svg+xml,%3Csvg%20xmlns%3D%22http%3A%2F%2Fwww.w3.org%2F2000%2Fsvg%22%20width%3D%22450%22%20height%3D%22300%22%20viewBox%3D%220%200%20450%20300%22%3E%3C%2Fsvg%3E\" loading=\"eager\"><\/span><span class=\"fg-image-overlay\"><\/span><\/a><\/figure><div class=\"fg-loader\"><\/div><\/div><div class=\"fg-item fg-type-image fg-idle\"><figure class=\"fg-item-inner\"><a href=\"https:\/\/6x7.ch\/photographie\/wp-content\/uploads\/2022\/02\/Canon-EOS-1D-X-Mark-II-20220225-173832-4711.jpg\" data-attachment-id=\"3069\" data-type=\"image\" class=\"fg-thumb\"><span class=\"fg-image-wrap\"><img decoding=\"async\" height=\"300\" width=\"450\" class=\"skip-lazy fg-image\" data-src-fg=\"https:\/\/6x7.ch\/photographie\/wp-content\/uploads\/cache\/2022\/02\/Canon-EOS-1D-X-Mark-II-20220225-173832-4711\/549799793.jpg\" data-srcset-fg=\"https:\/\/6x7.ch\/photographie\/wp-content\/uploads\/cache\/2022\/02\/Canon-EOS-1D-X-Mark-II-20220225-173832-4711\/187649605.jpg 2x\" src=\"data:image\/svg+xml,%3Csvg%20xmlns%3D%22http%3A%2F%2Fwww.w3.org%2F2000%2Fsvg%22%20width%3D%22450%22%20height%3D%22300%22%20viewBox%3D%220%200%20450%20300%22%3E%3C%2Fsvg%3E\" loading=\"eager\"><\/span><span class=\"fg-image-overlay\"><\/span><\/a><\/figure><div class=\"fg-loader\"><\/div><\/div><div class=\"fg-item fg-type-image fg-idle\"><figure class=\"fg-item-inner\"><a href=\"https:\/\/6x7.ch\/photographie\/wp-content\/uploads\/2022\/02\/Canon-EOS-1D-X-Mark-II-20220225-173833-4713.jpg\" data-attachment-id=\"3070\" data-type=\"image\" class=\"fg-thumb\"><span class=\"fg-image-wrap\"><img decoding=\"async\" height=\"300\" width=\"450\" class=\"skip-lazy fg-image\" data-src-fg=\"https:\/\/6x7.ch\/photographie\/wp-content\/uploads\/cache\/2022\/02\/Canon-EOS-1D-X-Mark-II-20220225-173833-4713\/901855637.jpg\" data-srcset-fg=\"https:\/\/6x7.ch\/photographie\/wp-content\/uploads\/cache\/2022\/02\/Canon-EOS-1D-X-Mark-II-20220225-173833-4713\/506146977.jpg 2x\" src=\"data:image\/svg+xml,%3Csvg%20xmlns%3D%22http%3A%2F%2Fwww.w3.org%2F2000%2Fsvg%22%20width%3D%22450%22%20height%3D%22300%22%20viewBox%3D%220%200%20450%20300%22%3E%3C%2Fsvg%3E\" loading=\"eager\"><\/span><span class=\"fg-image-overlay\"><\/span><\/a><\/figure><div class=\"fg-loader\"><\/div><\/div><div class=\"fg-item fg-type-image fg-idle\"><figure class=\"fg-item-inner\"><a href=\"https:\/\/6x7.ch\/photographie\/wp-content\/uploads\/2022\/02\/Canon-EOS-1D-X-Mark-II-20220225-174102-4723.jpg\" data-attachment-id=\"3071\" data-type=\"image\" class=\"fg-thumb\"><span class=\"fg-image-wrap\"><img decoding=\"async\" height=\"300\" width=\"450\" class=\"skip-lazy fg-image\" data-src-fg=\"https:\/\/6x7.ch\/photographie\/wp-content\/uploads\/cache\/2022\/02\/Canon-EOS-1D-X-Mark-II-20220225-174102-4723\/2468239710.jpg\" data-srcset-fg=\"https:\/\/6x7.ch\/photographie\/wp-content\/uploads\/cache\/2022\/02\/Canon-EOS-1D-X-Mark-II-20220225-174102-4723\/3103019114.jpg 2x\" src=\"data:image\/svg+xml,%3Csvg%20xmlns%3D%22http%3A%2F%2Fwww.w3.org%2F2000%2Fsvg%22%20width%3D%22450%22%20height%3D%22300%22%20viewBox%3D%220%200%20450%20300%22%3E%3C%2Fsvg%3E\" loading=\"eager\"><\/span><span class=\"fg-image-overlay\"><\/span><\/a><\/figure><div class=\"fg-loader\"><\/div><\/div><div class=\"fg-item fg-type-image fg-idle\"><figure class=\"fg-item-inner\"><a href=\"https:\/\/6x7.ch\/photographie\/wp-content\/uploads\/2022\/02\/Canon-EOS-1D-X-Mark-II-20220225-174430-4733.jpg\" data-attachment-id=\"3072\" data-type=\"image\" class=\"fg-thumb\"><span class=\"fg-image-wrap\"><img decoding=\"async\" height=\"300\" width=\"450\" class=\"skip-lazy fg-image\" data-src-fg=\"https:\/\/6x7.ch\/photographie\/wp-content\/uploads\/cache\/2022\/02\/Canon-EOS-1D-X-Mark-II-20220225-174430-4733\/2950476953.jpg\" data-srcset-fg=\"https:\/\/6x7.ch\/photographie\/wp-content\/uploads\/cache\/2022\/02\/Canon-EOS-1D-X-Mark-II-20220225-174430-4733\/2218180013.jpg 2x\" src=\"data:image\/svg+xml,%3Csvg%20xmlns%3D%22http%3A%2F%2Fwww.w3.org%2F2000%2Fsvg%22%20width%3D%22450%22%20height%3D%22300%22%20viewBox%3D%220%200%20450%20300%22%3E%3C%2Fsvg%3E\" loading=\"eager\"><\/span><span class=\"fg-image-overlay\"><\/span><\/a><\/figure><div class=\"fg-loader\"><\/div><\/div><div class=\"fg-item fg-type-image fg-idle\"><figure class=\"fg-item-inner\"><a href=\"https:\/\/6x7.ch\/photographie\/wp-content\/uploads\/2022\/02\/Canon-EOS-1D-X-Mark-II-20220225-174957-4748.jpg\" data-attachment-id=\"3073\" data-type=\"image\" class=\"fg-thumb\"><span class=\"fg-image-wrap\"><img decoding=\"async\" height=\"300\" width=\"450\" class=\"skip-lazy fg-image\" data-src-fg=\"https:\/\/6x7.ch\/photographie\/wp-content\/uploads\/cache\/2022\/02\/Canon-EOS-1D-X-Mark-II-20220225-174957-4748\/1514583470.jpg\" data-srcset-fg=\"https:\/\/6x7.ch\/photographie\/wp-content\/uploads\/cache\/2022\/02\/Canon-EOS-1D-X-Mark-II-20220225-174957-4748\/1907145882.jpg 2x\" src=\"data:image\/svg+xml,%3Csvg%20xmlns%3D%22http%3A%2F%2Fwww.w3.org%2F2000%2Fsvg%22%20width%3D%22450%22%20height%3D%22300%22%20viewBox%3D%220%200%20450%20300%22%3E%3C%2Fsvg%3E\" loading=\"eager\"><\/span><span class=\"fg-image-overlay\"><\/span><\/a><\/figure><div class=\"fg-loader\"><\/div><\/div><div class=\"fg-item fg-type-image fg-idle\"><figure class=\"fg-item-inner\"><a href=\"https:\/\/6x7.ch\/photographie\/wp-content\/uploads\/2022\/02\/Canon-EOS-1D-X-Mark-II-20220225-175036-4751.jpg\" data-attachment-id=\"3074\" data-type=\"image\" class=\"fg-thumb\"><span class=\"fg-image-wrap\"><img decoding=\"async\" height=\"300\" width=\"450\" class=\"skip-lazy fg-image\" data-src-fg=\"https:\/\/6x7.ch\/photographie\/wp-content\/uploads\/cache\/2022\/02\/Canon-EOS-1D-X-Mark-II-20220225-175036-4751\/303386239.jpg\" data-srcset-fg=\"https:\/\/6x7.ch\/photographie\/wp-content\/uploads\/cache\/2022\/02\/Canon-EOS-1D-X-Mark-II-20220225-175036-4751\/973031243.jpg 2x\" src=\"data:image\/svg+xml,%3Csvg%20xmlns%3D%22http%3A%2F%2Fwww.w3.org%2F2000%2Fsvg%22%20width%3D%22450%22%20height%3D%22300%22%20viewBox%3D%220%200%20450%20300%22%3E%3C%2Fsvg%3E\" loading=\"eager\"><\/span><span class=\"fg-image-overlay\"><\/span><\/a><\/figure><div class=\"fg-loader\"><\/div><\/div><div class=\"fg-item fg-type-image fg-idle\"><figure class=\"fg-item-inner\"><a href=\"https:\/\/6x7.ch\/photographie\/wp-content\/uploads\/2022\/02\/Canon-EOS-1D-X-Mark-II-20220225-175245-4762.jpg\" data-attachment-id=\"3075\" data-type=\"image\" class=\"fg-thumb\"><span class=\"fg-image-wrap\"><img decoding=\"async\" height=\"300\" width=\"450\" class=\"skip-lazy fg-image\" data-src-fg=\"https:\/\/6x7.ch\/photographie\/wp-content\/uploads\/cache\/2022\/02\/Canon-EOS-1D-X-Mark-II-20220225-175245-4762\/1622691212.jpg\" data-srcset-fg=\"https:\/\/6x7.ch\/photographie\/wp-content\/uploads\/cache\/2022\/02\/Canon-EOS-1D-X-Mark-II-20220225-175245-4762\/1263682744.jpg 2x\" src=\"data:image\/svg+xml,%3Csvg%20xmlns%3D%22http%3A%2F%2Fwww.w3.org%2F2000%2Fsvg%22%20width%3D%22450%22%20height%3D%22300%22%20viewBox%3D%220%200%20450%20300%22%3E%3C%2Fsvg%3E\" loading=\"eager\"><\/span><span class=\"fg-image-overlay\"><\/span><\/a><\/figure><div class=\"fg-loader\"><\/div><\/div><div class=\"fg-item fg-type-image fg-idle\"><figure class=\"fg-item-inner\"><a href=\"https:\/\/6x7.ch\/photographie\/wp-content\/uploads\/2022\/02\/Canon-EOS-1D-X-Mark-II-20220225-175324-4768.jpg\" data-attachment-id=\"3076\" data-type=\"image\" class=\"fg-thumb\"><span class=\"fg-image-wrap\"><img decoding=\"async\" height=\"300\" width=\"450\" class=\"skip-lazy fg-image\" data-src-fg=\"https:\/\/6x7.ch\/photographie\/wp-content\/uploads\/cache\/2022\/02\/Canon-EOS-1D-X-Mark-II-20220225-175324-4768\/1775554304.jpg\" data-srcset-fg=\"https:\/\/6x7.ch\/photographie\/wp-content\/uploads\/cache\/2022\/02\/Canon-EOS-1D-X-Mark-II-20220225-175324-4768\/1111410228.jpg 2x\" src=\"data:image\/svg+xml,%3Csvg%20xmlns%3D%22http%3A%2F%2Fwww.w3.org%2F2000%2Fsvg%22%20width%3D%22450%22%20height%3D%22300%22%20viewBox%3D%220%200%20450%20300%22%3E%3C%2Fsvg%3E\" loading=\"eager\"><\/span><span class=\"fg-image-overlay\"><\/span><\/a><\/figure><div class=\"fg-loader\"><\/div><\/div><div class=\"fg-item fg-type-image fg-idle\"><figure class=\"fg-item-inner\"><a href=\"https:\/\/6x7.ch\/photographie\/wp-content\/uploads\/2022\/02\/Canon-EOS-1D-X-Mark-II-20220225-175325-4774.jpg\" data-attachment-id=\"3077\" data-type=\"image\" class=\"fg-thumb\"><span class=\"fg-image-wrap\"><img decoding=\"async\" height=\"300\" width=\"450\" class=\"skip-lazy fg-image\" data-src-fg=\"https:\/\/6x7.ch\/photographie\/wp-content\/uploads\/cache\/2022\/02\/Canon-EOS-1D-X-Mark-II-20220225-175325-4774\/1102600387.jpg\" data-srcset-fg=\"https:\/\/6x7.ch\/photographie\/wp-content\/uploads\/cache\/2022\/02\/Canon-EOS-1D-X-Mark-II-20220225-175325-4774\/1783779831.jpg 2x\" src=\"data:image\/svg+xml,%3Csvg%20xmlns%3D%22http%3A%2F%2Fwww.w3.org%2F2000%2Fsvg%22%20width%3D%22450%22%20height%3D%22300%22%20viewBox%3D%220%200%20450%20300%22%3E%3C%2Fsvg%3E\" loading=\"eager\"><\/span><span class=\"fg-image-overlay\"><\/span><\/a><\/figure><div class=\"fg-loader\"><\/div><\/div><div class=\"fg-item fg-type-image fg-idle\"><figure class=\"fg-item-inner\"><a href=\"https:\/\/6x7.ch\/photographie\/wp-content\/uploads\/2022\/02\/Canon-EOS-1D-X-Mark-II-20220225-175407-4775.jpg\" data-attachment-id=\"3078\" data-type=\"image\" class=\"fg-thumb\"><span class=\"fg-image-wrap\"><img decoding=\"async\" height=\"300\" width=\"450\" class=\"skip-lazy fg-image\" data-src-fg=\"https:\/\/6x7.ch\/photographie\/wp-content\/uploads\/cache\/2022\/02\/Canon-EOS-1D-X-Mark-II-20220225-175407-4775\/2200809282.jpg\" data-srcset-fg=\"https:\/\/6x7.ch\/photographie\/wp-content\/uploads\/cache\/2022\/02\/Canon-EOS-1D-X-Mark-II-20220225-175407-4775\/2831656566.jpg 2x\" src=\"data:image\/svg+xml,%3Csvg%20xmlns%3D%22http%3A%2F%2Fwww.w3.org%2F2000%2Fsvg%22%20width%3D%22450%22%20height%3D%22300%22%20viewBox%3D%220%200%20450%20300%22%3E%3C%2Fsvg%3E\" loading=\"eager\"><\/span><span class=\"fg-image-overlay\"><\/span><\/a><\/figure><div class=\"fg-loader\"><\/div><\/div><div class=\"fg-item fg-type-image fg-idle\"><figure class=\"fg-item-inner\"><a href=\"https:\/\/6x7.ch\/photographie\/wp-content\/uploads\/2022\/02\/Canon-EOS-1D-X-Mark-II-20220225-175407-4776.jpg\" data-attachment-id=\"3079\" data-type=\"image\" class=\"fg-thumb\"><span class=\"fg-image-wrap\"><img decoding=\"async\" height=\"300\" width=\"450\" class=\"skip-lazy fg-image\" data-src-fg=\"https:\/\/6x7.ch\/photographie\/wp-content\/uploads\/cache\/2022\/02\/Canon-EOS-1D-X-Mark-II-20220225-175407-4776\/3096242155.jpg\" data-srcset-fg=\"https:\/\/6x7.ch\/photographie\/wp-content\/uploads\/cache\/2022\/02\/Canon-EOS-1D-X-Mark-II-20220225-175407-4776\/2472996575.jpg 2x\" src=\"data:image\/svg+xml,%3Csvg%20xmlns%3D%22http%3A%2F%2Fwww.w3.org%2F2000%2Fsvg%22%20width%3D%22450%22%20height%3D%22300%22%20viewBox%3D%220%200%20450%20300%22%3E%3C%2Fsvg%3E\" loading=\"eager\"><\/span><span class=\"fg-image-overlay\"><\/span><\/a><\/figure><div class=\"fg-loader\"><\/div><\/div><div class=\"fg-item fg-type-image fg-idle\"><figure class=\"fg-item-inner\"><a href=\"https:\/\/6x7.ch\/photographie\/wp-content\/uploads\/2022\/02\/Canon-EOS-1D-X-Mark-II-20220225-175407-4780.jpg\" data-attachment-id=\"3080\" data-type=\"image\" class=\"fg-thumb\"><span class=\"fg-image-wrap\"><img decoding=\"async\" height=\"300\" width=\"450\" class=\"skip-lazy fg-image\" data-src-fg=\"https:\/\/6x7.ch\/photographie\/wp-content\/uploads\/cache\/2022\/02\/Canon-EOS-1D-X-Mark-II-20220225-175407-4780\/2219227179.jpg\" data-srcset-fg=\"https:\/\/6x7.ch\/photographie\/wp-content\/uploads\/cache\/2022\/02\/Canon-EOS-1D-X-Mark-II-20220225-175407-4780\/2947330335.jpg 2x\" src=\"data:image\/svg+xml,%3Csvg%20xmlns%3D%22http%3A%2F%2Fwww.w3.org%2F2000%2Fsvg%22%20width%3D%22450%22%20height%3D%22300%22%20viewBox%3D%220%200%20450%20300%22%3E%3C%2Fsvg%3E\" loading=\"eager\"><\/span><span class=\"fg-image-overlay\"><\/span><\/a><\/figure><div class=\"fg-loader\"><\/div><\/div><div class=\"fg-item fg-type-image fg-idle\"><figure class=\"fg-item-inner\"><a href=\"https:\/\/6x7.ch\/photographie\/wp-content\/uploads\/2022\/02\/Canon-EOS-1D-X-Mark-II-20220225-175820-4787.jpg\" data-attachment-id=\"3081\" data-type=\"image\" class=\"fg-thumb\"><span class=\"fg-image-wrap\"><img decoding=\"async\" height=\"300\" width=\"450\" class=\"skip-lazy fg-image\" data-src-fg=\"https:\/\/6x7.ch\/photographie\/wp-content\/uploads\/cache\/2022\/02\/Canon-EOS-1D-X-Mark-II-20220225-175820-4787\/3796211049.jpg\" data-srcset-fg=\"https:\/\/6x7.ch\/photographie\/wp-content\/uploads\/cache\/2022\/02\/Canon-EOS-1D-X-Mark-II-20220225-175820-4787\/3383729245.jpg 2x\" src=\"data:image\/svg+xml,%3Csvg%20xmlns%3D%22http%3A%2F%2Fwww.w3.org%2F2000%2Fsvg%22%20width%3D%22450%22%20height%3D%22300%22%20viewBox%3D%220%200%20450%20300%22%3E%3C%2Fsvg%3E\" loading=\"eager\"><\/span><span class=\"fg-image-overlay\"><\/span><\/a><\/figure><div class=\"fg-loader\"><\/div><\/div><div class=\"fg-item fg-type-image fg-idle\"><figure class=\"fg-item-inner\"><a href=\"https:\/\/6x7.ch\/photographie\/wp-content\/uploads\/2022\/02\/Canon-EOS-1D-X-Mark-II-20220225-175826-4790.jpg\" data-attachment-id=\"3082\" data-type=\"image\" class=\"fg-thumb\"><span class=\"fg-image-wrap\"><img decoding=\"async\" height=\"300\" width=\"350\" class=\"skip-lazy fg-image\" data-src-fg=\"https:\/\/6x7.ch\/photographie\/wp-content\/uploads\/cache\/2022\/02\/Canon-EOS-1D-X-Mark-II-20220225-175826-4790\/1528660081.jpg\" data-srcset-fg=\"https:\/\/6x7.ch\/photographie\/wp-content\/uploads\/cache\/2022\/02\/Canon-EOS-1D-X-Mark-II-20220225-175826-4790\/3921913168.jpg 2x\" src=\"data:image\/svg+xml,%3Csvg%20xmlns%3D%22http%3A%2F%2Fwww.w3.org%2F2000%2Fsvg%22%20width%3D%22350%22%20height%3D%22300%22%20viewBox%3D%220%200%20350%20300%22%3E%3C%2Fsvg%3E\" loading=\"eager\"><\/span><span class=\"fg-image-overlay\"><\/span><\/a><\/figure><div class=\"fg-loader\"><\/div><\/div><div class=\"fg-item fg-type-image fg-idle\"><figure class=\"fg-item-inner\"><a href=\"https:\/\/6x7.ch\/photographie\/wp-content\/uploads\/2022\/02\/Canon-EOS-1D-X-Mark-II-20220225-175905-4791.jpg\" data-attachment-id=\"3083\" data-type=\"image\" class=\"fg-thumb\"><span class=\"fg-image-wrap\"><img decoding=\"async\" height=\"300\" width=\"450\" class=\"skip-lazy fg-image\" data-src-fg=\"https:\/\/6x7.ch\/photographie\/wp-content\/uploads\/cache\/2022\/02\/Canon-EOS-1D-X-Mark-II-20220225-175905-4791\/3351690286.jpg\" data-srcset-fg=\"https:\/\/6x7.ch\/photographie\/wp-content\/uploads\/cache\/2022\/02\/Canon-EOS-1D-X-Mark-II-20220225-175905-4791\/3962352922.jpg 2x\" src=\"data:image\/svg+xml,%3Csvg%20xmlns%3D%22http%3A%2F%2Fwww.w3.org%2F2000%2Fsvg%22%20width%3D%22450%22%20height%3D%22300%22%20viewBox%3D%220%200%20450%20300%22%3E%3C%2Fsvg%3E\" loading=\"eager\"><\/span><span class=\"fg-image-overlay\"><\/span><\/a><\/figure><div class=\"fg-loader\"><\/div><\/div><div class=\"fg-item fg-type-image fg-idle\"><figure class=\"fg-item-inner\"><a href=\"https:\/\/6x7.ch\/photographie\/wp-content\/uploads\/2022\/02\/Canon-EOS-1D-X-Mark-II-20220225-175908-4795.jpg\" data-attachment-id=\"3084\" data-type=\"image\" class=\"fg-thumb\"><span class=\"fg-image-wrap\"><img decoding=\"async\" height=\"300\" width=\"350\" class=\"skip-lazy fg-image\" data-src-fg=\"https:\/\/6x7.ch\/photographie\/wp-content\/uploads\/cache\/2022\/02\/Canon-EOS-1D-X-Mark-II-20220225-175908-4795\/3112776414.jpg\" data-srcset-fg=\"https:\/\/6x7.ch\/photographie\/wp-content\/uploads\/cache\/2022\/02\/Canon-EOS-1D-X-Mark-II-20220225-175908-4795\/190257151.jpg 2x\" src=\"data:image\/svg+xml,%3Csvg%20xmlns%3D%22http%3A%2F%2Fwww.w3.org%2F2000%2Fsvg%22%20width%3D%22350%22%20height%3D%22300%22%20viewBox%3D%220%200%20350%20300%22%3E%3C%2Fsvg%3E\" loading=\"eager\"><\/span><span class=\"fg-image-overlay\"><\/span><\/a><\/figure><div class=\"fg-loader\"><\/div><\/div><div class=\"fg-item fg-type-image fg-idle\"><figure class=\"fg-item-inner\"><a href=\"https:\/\/6x7.ch\/photographie\/wp-content\/uploads\/2022\/02\/Canon-EOS-1D-X-Mark-II-20220225-175944-4796.jpg\" data-attachment-id=\"3085\" data-type=\"image\" class=\"fg-thumb\"><span class=\"fg-image-wrap\"><img decoding=\"async\" height=\"300\" width=\"350\" class=\"skip-lazy fg-image\" data-src-fg=\"https:\/\/6x7.ch\/photographie\/wp-content\/uploads\/cache\/2022\/02\/Canon-EOS-1D-X-Mark-II-20220225-175944-4796\/20860055.jpg\" data-srcset-fg=\"https:\/\/6x7.ch\/photographie\/wp-content\/uploads\/cache\/2022\/02\/Canon-EOS-1D-X-Mark-II-20220225-175944-4796\/3017828790.jpg 2x\" src=\"data:image\/svg+xml,%3Csvg%20xmlns%3D%22http%3A%2F%2Fwww.w3.org%2F2000%2Fsvg%22%20width%3D%22350%22%20height%3D%22300%22%20viewBox%3D%220%200%20350%20300%22%3E%3C%2Fsvg%3E\" loading=\"eager\"><\/span><span class=\"fg-image-overlay\"><\/span><\/a><\/figure><div class=\"fg-loader\"><\/div><\/div><div class=\"fg-item fg-type-image fg-idle\"><figure class=\"fg-item-inner\"><a href=\"https:\/\/6x7.ch\/photographie\/wp-content\/uploads\/2022\/02\/Canon-EOS-1D-X-Mark-II-20220225-175947-4804.jpg\" data-attachment-id=\"3086\" data-type=\"image\" class=\"fg-thumb\"><span class=\"fg-image-wrap\"><img decoding=\"async\" height=\"300\" width=\"350\" class=\"skip-lazy fg-image\" data-src-fg=\"https:\/\/6x7.ch\/photographie\/wp-content\/uploads\/cache\/2022\/02\/Canon-EOS-1D-X-Mark-II-20220225-175947-4804\/2809797997.jpg\" data-srcset-fg=\"https:\/\/6x7.ch\/photographie\/wp-content\/uploads\/cache\/2022\/02\/Canon-EOS-1D-X-Mark-II-20220225-175947-4804\/363083852.jpg 2x\" src=\"data:image\/svg+xml,%3Csvg%20xmlns%3D%22http%3A%2F%2Fwww.w3.org%2F2000%2Fsvg%22%20width%3D%22350%22%20height%3D%22300%22%20viewBox%3D%220%200%20350%20300%22%3E%3C%2Fsvg%3E\" loading=\"eager\"><\/span><span class=\"fg-image-overlay\"><\/span><\/a><\/figure><div class=\"fg-loader\"><\/div><\/div><div class=\"fg-item fg-type-image fg-idle\"><figure class=\"fg-item-inner\"><a href=\"https:\/\/6x7.ch\/photographie\/wp-content\/uploads\/2022\/02\/Canon-EOS-1D-X-Mark-II-20220225-180022-4806.jpg\" data-attachment-id=\"3087\" data-type=\"image\" class=\"fg-thumb\"><span class=\"fg-image-wrap\"><img decoding=\"async\" height=\"300\" width=\"450\" class=\"skip-lazy fg-image\" data-src-fg=\"https:\/\/6x7.ch\/photographie\/wp-content\/uploads\/cache\/2022\/02\/Canon-EOS-1D-X-Mark-II-20220225-180022-4806\/2134201427.jpg\" data-srcset-fg=\"https:\/\/6x7.ch\/photographie\/wp-content\/uploads\/cache\/2022\/02\/Canon-EOS-1D-X-Mark-II-20220225-180022-4806\/1423924583.jpg 2x\" src=\"data:image\/svg+xml,%3Csvg%20xmlns%3D%22http%3A%2F%2Fwww.w3.org%2F2000%2Fsvg%22%20width%3D%22450%22%20height%3D%22300%22%20viewBox%3D%220%200%20450%20300%22%3E%3C%2Fsvg%3E\" loading=\"eager\"><\/span><span class=\"fg-image-overlay\"><\/span><\/a><\/figure><div class=\"fg-loader\"><\/div><\/div><div class=\"fg-item fg-type-image fg-idle\"><figure class=\"fg-item-inner\"><a href=\"https:\/\/6x7.ch\/photographie\/wp-content\/uploads\/2022\/02\/Canon-EOS-1D-X-Mark-II-20220225-180025-4809.jpg\" data-attachment-id=\"3088\" data-type=\"image\" class=\"fg-thumb\"><span class=\"fg-image-wrap\"><img decoding=\"async\" height=\"300\" width=\"350\" class=\"skip-lazy fg-image\" data-src-fg=\"https:\/\/6x7.ch\/photographie\/wp-content\/uploads\/cache\/2022\/02\/Canon-EOS-1D-X-Mark-II-20220225-180025-4809\/3479882052.jpg\" data-srcset-fg=\"https:\/\/6x7.ch\/photographie\/wp-content\/uploads\/cache\/2022\/02\/Canon-EOS-1D-X-Mark-II-20220225-180025-4809\/2109008997.jpg 2x\" src=\"data:image\/svg+xml,%3Csvg%20xmlns%3D%22http%3A%2F%2Fwww.w3.org%2F2000%2Fsvg%22%20width%3D%22350%22%20height%3D%22300%22%20viewBox%3D%220%200%20350%20300%22%3E%3C%2Fsvg%3E\" loading=\"eager\"><\/span><span class=\"fg-image-overlay\"><\/span><\/a><\/figure><div class=\"fg-loader\"><\/div><\/div><div class=\"fg-item fg-type-image fg-idle\"><figure class=\"fg-item-inner\"><a href=\"https:\/\/6x7.ch\/photographie\/wp-content\/uploads\/2022\/02\/Canon-EOS-1D-X-Mark-II-20220225-180139-4811.jpg\" data-attachment-id=\"3089\" data-type=\"image\" class=\"fg-thumb\"><span class=\"fg-image-wrap\"><img decoding=\"async\" height=\"300\" width=\"450\" class=\"skip-lazy fg-image\" data-src-fg=\"https:\/\/6x7.ch\/photographie\/wp-content\/uploads\/cache\/2022\/02\/Canon-EOS-1D-X-Mark-II-20220225-180139-4811\/9702045.jpg\" data-srcset-fg=\"https:\/\/6x7.ch\/photographie\/wp-content\/uploads\/cache\/2022\/02\/Canon-EOS-1D-X-Mark-II-20220225-180139-4811\/729678761.jpg 2x\" src=\"data:image\/svg+xml,%3Csvg%20xmlns%3D%22http%3A%2F%2Fwww.w3.org%2F2000%2Fsvg%22%20width%3D%22450%22%20height%3D%22300%22%20viewBox%3D%220%200%20450%20300%22%3E%3C%2Fsvg%3E\" loading=\"eager\"><\/span><span class=\"fg-image-overlay\"><\/span><\/a><\/figure><div class=\"fg-loader\"><\/div><\/div><div class=\"fg-item fg-type-image fg-idle\"><figure class=\"fg-item-inner\"><a href=\"https:\/\/6x7.ch\/photographie\/wp-content\/uploads\/2022\/02\/Canon-EOS-1D-X-Mark-II-20220225-180140-4812.jpg\" data-attachment-id=\"3090\" data-type=\"image\" class=\"fg-thumb\"><span class=\"fg-image-wrap\"><img decoding=\"async\" height=\"300\" width=\"350\" class=\"skip-lazy fg-image\" data-src-fg=\"https:\/\/6x7.ch\/photographie\/wp-content\/uploads\/cache\/2022\/02\/Canon-EOS-1D-X-Mark-II-20220225-180140-4812\/3874753866.jpg\" data-srcset-fg=\"https:\/\/6x7.ch\/photographie\/wp-content\/uploads\/cache\/2022\/02\/Canon-EOS-1D-X-Mark-II-20220225-180140-4812\/1412049003.jpg 2x\" src=\"data:image\/svg+xml,%3Csvg%20xmlns%3D%22http%3A%2F%2Fwww.w3.org%2F2000%2Fsvg%22%20width%3D%22350%22%20height%3D%22300%22%20viewBox%3D%220%200%20350%20300%22%3E%3C%2Fsvg%3E\" loading=\"eager\"><\/span><span class=\"fg-image-overlay\"><\/span><\/a><\/figure><div class=\"fg-loader\"><\/div><\/div><div class=\"fg-item fg-type-image fg-idle\"><figure class=\"fg-item-inner\"><a href=\"https:\/\/6x7.ch\/photographie\/wp-content\/uploads\/2022\/02\/Canon-EOS-1D-X-Mark-II-20220225-180142-4813.jpg\" data-attachment-id=\"3091\" data-type=\"image\" class=\"fg-thumb\"><span class=\"fg-image-wrap\"><img decoding=\"async\" height=\"300\" width=\"350\" class=\"skip-lazy fg-image\" data-src-fg=\"https:\/\/6x7.ch\/photographie\/wp-content\/uploads\/cache\/2022\/02\/Canon-EOS-1D-X-Mark-II-20220225-180142-4813\/4281137109.jpg\" data-srcset-fg=\"https:\/\/6x7.ch\/photographie\/wp-content\/uploads\/cache\/2022\/02\/Canon-EOS-1D-X-Mark-II-20220225-180142-4813\/1307759348.jpg 2x\" src=\"data:image\/svg+xml,%3Csvg%20xmlns%3D%22http%3A%2F%2Fwww.w3.org%2F2000%2Fsvg%22%20width%3D%22350%22%20height%3D%22300%22%20viewBox%3D%220%200%20350%20300%22%3E%3C%2Fsvg%3E\" loading=\"eager\"><\/span><span class=\"fg-image-overlay\"><\/span><\/a><\/figure><div class=\"fg-loader\"><\/div><\/div><div class=\"fg-item fg-type-image fg-idle\"><figure class=\"fg-item-inner\"><a href=\"https:\/\/6x7.ch\/photographie\/wp-content\/uploads\/2022\/02\/Canon-EOS-1D-X-Mark-II-20220225-180215-4814.jpg\" data-attachment-id=\"3092\" data-type=\"image\" class=\"fg-thumb\"><span class=\"fg-image-wrap\"><img decoding=\"async\" height=\"300\" width=\"350\" class=\"skip-lazy fg-image\" data-src-fg=\"https:\/\/6x7.ch\/photographie\/wp-content\/uploads\/cache\/2022\/02\/Canon-EOS-1D-X-Mark-II-20220225-180215-4814\/424094495.jpg\" data-srcset-fg=\"https:\/\/6x7.ch\/photographie\/wp-content\/uploads\/cache\/2022\/02\/Canon-EOS-1D-X-Mark-II-20220225-180215-4814\/2878934590.jpg 2x\" src=\"data:image\/svg+xml,%3Csvg%20xmlns%3D%22http%3A%2F%2Fwww.w3.org%2F2000%2Fsvg%22%20width%3D%22350%22%20height%3D%22300%22%20viewBox%3D%220%200%20350%20300%22%3E%3C%2Fsvg%3E\" loading=\"eager\"><\/span><span class=\"fg-image-overlay\"><\/span><\/a><\/figure><div class=\"fg-loader\"><\/div><\/div><div class=\"fg-item fg-type-image fg-idle\"><figure class=\"fg-item-inner\"><a href=\"https:\/\/6x7.ch\/photographie\/wp-content\/uploads\/2022\/02\/Canon-EOS-1D-X-Mark-II-20220225-180659-4818.jpg\" data-attachment-id=\"3093\" data-type=\"image\" class=\"fg-thumb\"><span class=\"fg-image-wrap\"><img decoding=\"async\" height=\"300\" width=\"450\" class=\"skip-lazy fg-image\" data-src-fg=\"https:\/\/6x7.ch\/photographie\/wp-content\/uploads\/cache\/2022\/02\/Canon-EOS-1D-X-Mark-II-20220225-180659-4818\/4071367321.jpg\" data-srcset-fg=\"https:\/\/6x7.ch\/photographie\/wp-content\/uploads\/cache\/2022\/02\/Canon-EOS-1D-X-Mark-II-20220225-180659-4818\/3645254573.jpg 2x\" src=\"data:image\/svg+xml,%3Csvg%20xmlns%3D%22http%3A%2F%2Fwww.w3.org%2F2000%2Fsvg%22%20width%3D%22450%22%20height%3D%22300%22%20viewBox%3D%220%200%20450%20300%22%3E%3C%2Fsvg%3E\" loading=\"eager\"><\/span><span class=\"fg-image-overlay\"><\/span><\/a><\/figure><div class=\"fg-loader\"><\/div><\/div><div class=\"fg-item fg-type-image fg-idle\"><figure class=\"fg-item-inner\"><a href=\"https:\/\/6x7.ch\/photographie\/wp-content\/uploads\/2022\/02\/Canon-EOS-1D-X-Mark-II-20220225-182236-4820.jpg\" data-attachment-id=\"3094\" data-type=\"image\" class=\"fg-thumb\"><span class=\"fg-image-wrap\"><img decoding=\"async\" height=\"300\" width=\"450\" class=\"skip-lazy fg-image\" data-src-fg=\"https:\/\/6x7.ch\/photographie\/wp-content\/uploads\/cache\/2022\/02\/Canon-EOS-1D-X-Mark-II-20220225-182236-4820\/2005089054.jpg\" data-srcset-fg=\"https:\/\/6x7.ch\/photographie\/wp-content\/uploads\/cache\/2022\/02\/Canon-EOS-1D-X-Mark-II-20220225-182236-4820\/1550397994.jpg 2x\" src=\"data:image\/svg+xml,%3Csvg%20xmlns%3D%22http%3A%2F%2Fwww.w3.org%2F2000%2Fsvg%22%20width%3D%22450%22%20height%3D%22300%22%20viewBox%3D%220%200%20450%20300%22%3E%3C%2Fsvg%3E\" loading=\"eager\"><\/span><span class=\"fg-image-overlay\"><\/span><\/a><\/figure><div class=\"fg-loader\"><\/div><\/div><div class=\"fg-item fg-type-image fg-idle\"><figure class=\"fg-item-inner\"><a href=\"https:\/\/6x7.ch\/photographie\/wp-content\/uploads\/2022\/02\/Canon-EOS-1D-X-Mark-II-20220225-182310-4825.jpg\" data-attachment-id=\"3095\" data-type=\"image\" class=\"fg-thumb\"><span class=\"fg-image-wrap\"><img decoding=\"async\" height=\"300\" width=\"450\" class=\"skip-lazy fg-image\" data-src-fg=\"https:\/\/6x7.ch\/photographie\/wp-content\/uploads\/cache\/2022\/02\/Canon-EOS-1D-X-Mark-II-20220225-182310-4825\/1916648104.jpg\" data-srcset-fg=\"https:\/\/6x7.ch\/photographie\/wp-content\/uploads\/cache\/2022\/02\/Canon-EOS-1D-X-Mark-II-20220225-182310-4825\/1507308444.jpg 2x\" src=\"data:image\/svg+xml,%3Csvg%20xmlns%3D%22http%3A%2F%2Fwww.w3.org%2F2000%2Fsvg%22%20width%3D%22450%22%20height%3D%22300%22%20viewBox%3D%220%200%20450%20300%22%3E%3C%2Fsvg%3E\" loading=\"eager\"><\/span><span class=\"fg-image-overlay\"><\/span><\/a><\/figure><div class=\"fg-loader\"><\/div><\/div><div class=\"fg-item fg-type-image fg-idle\"><figure class=\"fg-item-inner\"><a href=\"https:\/\/6x7.ch\/photographie\/wp-content\/uploads\/2022\/02\/Canon-EOS-1D-X-Mark-II-20220225-182310-4826.jpg\" data-attachment-id=\"3096\" data-type=\"image\" class=\"fg-thumb\"><span class=\"fg-image-wrap\"><img decoding=\"async\" height=\"300\" width=\"450\" class=\"skip-lazy fg-image\" data-src-fg=\"https:\/\/6x7.ch\/photographie\/wp-content\/uploads\/cache\/2022\/02\/Canon-EOS-1D-X-Mark-II-20220225-182310-4826\/4172376788.jpg\" data-srcset-fg=\"https:\/\/6x7.ch\/photographie\/wp-content\/uploads\/cache\/2022\/02\/Canon-EOS-1D-X-Mark-II-20220225-182310-4826\/3545981920.jpg 2x\" src=\"data:image\/svg+xml,%3Csvg%20xmlns%3D%22http%3A%2F%2Fwww.w3.org%2F2000%2Fsvg%22%20width%3D%22450%22%20height%3D%22300%22%20viewBox%3D%220%200%20450%20300%22%3E%3C%2Fsvg%3E\" loading=\"eager\"><\/span><span class=\"fg-image-overlay\"><\/span><\/a><\/figure><div class=\"fg-loader\"><\/div><\/div><div class=\"fg-item fg-type-image fg-idle\"><figure class=\"fg-item-inner\"><a href=\"https:\/\/6x7.ch\/photographie\/wp-content\/uploads\/2022\/02\/Canon-EOS-1D-X-Mark-II-20220225-182357-4827.jpg\" data-attachment-id=\"3097\" data-type=\"image\" class=\"fg-thumb\"><span class=\"fg-image-wrap\"><img decoding=\"async\" height=\"300\" width=\"450\" class=\"skip-lazy fg-image\" data-src-fg=\"https:\/\/6x7.ch\/photographie\/wp-content\/uploads\/cache\/2022\/02\/Canon-EOS-1D-X-Mark-II-20220225-182357-4827\/3857361987.jpg\" data-srcset-fg=\"https:\/\/6x7.ch\/photographie\/wp-content\/uploads\/cache\/2022\/02\/Canon-EOS-1D-X-Mark-II-20220225-182357-4827\/3456148855.jpg 2x\" src=\"data:image\/svg+xml,%3Csvg%20xmlns%3D%22http%3A%2F%2Fwww.w3.org%2F2000%2Fsvg%22%20width%3D%22450%22%20height%3D%22300%22%20viewBox%3D%220%200%20450%20300%22%3E%3C%2Fsvg%3E\" loading=\"eager\"><\/span><span class=\"fg-image-overlay\"><\/span><\/a><\/figure><div class=\"fg-loader\"><\/div><\/div><div class=\"fg-item fg-type-image fg-idle\"><figure class=\"fg-item-inner\"><a href=\"https:\/\/6x7.ch\/photographie\/wp-content\/uploads\/2022\/02\/Canon-EOS-1D-X-Mark-II-20220225-182605-4835.jpg\" data-attachment-id=\"3098\" data-type=\"image\" class=\"fg-thumb\"><span class=\"fg-image-wrap\"><img decoding=\"async\" height=\"300\" width=\"450\" class=\"skip-lazy fg-image\" data-src-fg=\"https:\/\/6x7.ch\/photographie\/wp-content\/uploads\/cache\/2022\/02\/Canon-EOS-1D-X-Mark-II-20220225-182605-4835\/1941984051.jpg\" data-srcset-fg=\"https:\/\/6x7.ch\/photographie\/wp-content\/uploads\/cache\/2022\/02\/Canon-EOS-1D-X-Mark-II-20220225-182605-4835\/1479170567.jpg 2x\" src=\"data:image\/svg+xml,%3Csvg%20xmlns%3D%22http%3A%2F%2Fwww.w3.org%2F2000%2Fsvg%22%20width%3D%22450%22%20height%3D%22300%22%20viewBox%3D%220%200%20450%20300%22%3E%3C%2Fsvg%3E\" loading=\"eager\"><\/span><span class=\"fg-image-overlay\"><\/span><\/a><\/figure><div class=\"fg-loader\"><\/div><\/div><div class=\"fg-item fg-type-image fg-idle\"><figure class=\"fg-item-inner\"><a href=\"https:\/\/6x7.ch\/photographie\/wp-content\/uploads\/2022\/02\/Canon-EOS-1D-X-Mark-II-20220225-182639-4837.jpg\" data-attachment-id=\"3099\" data-type=\"image\" class=\"fg-thumb\"><span class=\"fg-image-wrap\"><img decoding=\"async\" height=\"300\" width=\"450\" class=\"skip-lazy fg-image\" data-src-fg=\"https:\/\/6x7.ch\/photographie\/wp-content\/uploads\/cache\/2022\/02\/Canon-EOS-1D-X-Mark-II-20220225-182639-4837\/1645250340.jpg\" data-srcset-fg=\"https:\/\/6x7.ch\/photographie\/wp-content\/uploads\/cache\/2022\/02\/Canon-EOS-1D-X-Mark-II-20220225-182639-4837\/1241157136.jpg 2x\" src=\"data:image\/svg+xml,%3Csvg%20xmlns%3D%22http%3A%2F%2Fwww.w3.org%2F2000%2Fsvg%22%20width%3D%22450%22%20height%3D%22300%22%20viewBox%3D%220%200%20450%20300%22%3E%3C%2Fsvg%3E\" loading=\"eager\"><\/span><span class=\"fg-image-overlay\"><\/span><\/a><\/figure><div class=\"fg-loader\"><\/div><\/div><div class=\"fg-item fg-type-image fg-idle\"><figure class=\"fg-item-inner\"><a href=\"https:\/\/6x7.ch\/photographie\/wp-content\/uploads\/2022\/02\/Canon-EOS-1D-X-Mark-II-20220225-183007-4844.jpg\" data-attachment-id=\"3100\" data-type=\"image\" class=\"fg-thumb\"><span class=\"fg-image-wrap\"><img decoding=\"async\" height=\"300\" width=\"450\" class=\"skip-lazy fg-image\" data-src-fg=\"https:\/\/6x7.ch\/photographie\/wp-content\/uploads\/cache\/2022\/02\/Canon-EOS-1D-X-Mark-II-20220225-183007-4844\/2322287668.jpg\" data-srcset-fg=\"https:\/\/6x7.ch\/photographie\/wp-content\/uploads\/cache\/2022\/02\/Canon-EOS-1D-X-Mark-II-20220225-183007-4844\/2709603584.jpg 2x\" src=\"data:image\/svg+xml,%3Csvg%20xmlns%3D%22http%3A%2F%2Fwww.w3.org%2F2000%2Fsvg%22%20width%3D%22450%22%20height%3D%22300%22%20viewBox%3D%220%200%20450%20300%22%3E%3C%2Fsvg%3E\" loading=\"eager\"><\/span><span class=\"fg-image-overlay\"><\/span><\/a><\/figure><div class=\"fg-loader\"><\/div><\/div><div class=\"fg-item fg-type-image fg-idle\"><figure class=\"fg-item-inner\"><a href=\"https:\/\/6x7.ch\/photographie\/wp-content\/uploads\/2022\/02\/Canon-EOS-1D-X-Mark-II-20220225-183150-4849.jpg\" data-attachment-id=\"3101\" data-type=\"image\" class=\"fg-thumb\"><span class=\"fg-image-wrap\"><img decoding=\"async\" height=\"300\" width=\"450\" class=\"skip-lazy fg-image\" data-src-fg=\"https:\/\/6x7.ch\/photographie\/wp-content\/uploads\/cache\/2022\/02\/Canon-EOS-1D-X-Mark-II-20220225-183150-4849\/3832259954.jpg\" data-srcset-fg=\"https:\/\/6x7.ch\/photographie\/wp-content\/uploads\/cache\/2022\/02\/Canon-EOS-1D-X-Mark-II-20220225-183150-4849\/3481381958.jpg 2x\" src=\"data:image\/svg+xml,%3Csvg%20xmlns%3D%22http%3A%2F%2Fwww.w3.org%2F2000%2Fsvg%22%20width%3D%22450%22%20height%3D%22300%22%20viewBox%3D%220%200%20450%20300%22%3E%3C%2Fsvg%3E\" loading=\"eager\"><\/span><span class=\"fg-image-overlay\"><\/span><\/a><\/figure><div class=\"fg-loader\"><\/div><\/div><div class=\"fg-item fg-type-image fg-idle\"><figure class=\"fg-item-inner\"><a href=\"https:\/\/6x7.ch\/photographie\/wp-content\/uploads\/2022\/02\/Canon-EOS-1D-X-Mark-II-20220225-183309-4852.jpg\" data-attachment-id=\"3102\" data-type=\"image\" class=\"fg-thumb\"><span class=\"fg-image-wrap\"><img decoding=\"async\" height=\"300\" width=\"450\" class=\"skip-lazy fg-image\" data-src-fg=\"https:\/\/6x7.ch\/photographie\/wp-content\/uploads\/cache\/2022\/02\/Canon-EOS-1D-X-Mark-II-20220225-183309-4852\/29994988.jpg\" data-srcset-fg=\"https:\/\/6x7.ch\/photographie\/wp-content\/uploads\/cache\/2022\/02\/Canon-EOS-1D-X-Mark-II-20220225-183309-4852\/706979544.jpg 2x\" src=\"data:image\/svg+xml,%3Csvg%20xmlns%3D%22http%3A%2F%2Fwww.w3.org%2F2000%2Fsvg%22%20width%3D%22450%22%20height%3D%22300%22%20viewBox%3D%220%200%20450%20300%22%3E%3C%2Fsvg%3E\" loading=\"eager\"><\/span><span class=\"fg-image-overlay\"><\/span><\/a><\/figure><div class=\"fg-loader\"><\/div><\/div><div class=\"fg-item fg-type-image fg-idle\"><figure class=\"fg-item-inner\"><a href=\"https:\/\/6x7.ch\/photographie\/wp-content\/uploads\/2022\/02\/Canon-EOS-1D-X-Mark-II-20220225-183448-4855.jpg\" data-attachment-id=\"3103\" data-type=\"image\" class=\"fg-thumb\"><span class=\"fg-image-wrap\"><img decoding=\"async\" height=\"300\" width=\"450\" class=\"skip-lazy fg-image\" data-src-fg=\"https:\/\/6x7.ch\/photographie\/wp-content\/uploads\/cache\/2022\/02\/Canon-EOS-1D-X-Mark-II-20220225-183448-4855\/3776557115.jpg\" data-srcset-fg=\"https:\/\/6x7.ch\/photographie\/wp-content\/uploads\/cache\/2022\/02\/Canon-EOS-1D-X-Mark-II-20220225-183448-4855\/3404970255.jpg 2x\" src=\"data:image\/svg+xml,%3Csvg%20xmlns%3D%22http%3A%2F%2Fwww.w3.org%2F2000%2Fsvg%22%20width%3D%22450%22%20height%3D%22300%22%20viewBox%3D%220%200%20450%20300%22%3E%3C%2Fsvg%3E\" loading=\"eager\"><\/span><span class=\"fg-image-overlay\"><\/span><\/a><\/figure><div class=\"fg-loader\"><\/div><\/div><div class=\"fg-item fg-type-image fg-idle\"><figure class=\"fg-item-inner\"><a href=\"https:\/\/6x7.ch\/photographie\/wp-content\/uploads\/2022\/02\/Canon-EOS-1D-X-Mark-II-20220225-183505-4857.jpg\" data-attachment-id=\"3104\" data-type=\"image\" class=\"fg-thumb\"><span class=\"fg-image-wrap\"><img decoding=\"async\" height=\"300\" width=\"450\" class=\"skip-lazy fg-image\" data-src-fg=\"https:\/\/6x7.ch\/photographie\/wp-content\/uploads\/cache\/2022\/02\/Canon-EOS-1D-X-Mark-II-20220225-183505-4857\/4184761279.jpg\" data-srcset-fg=\"https:\/\/6x7.ch\/photographie\/wp-content\/uploads\/cache\/2022\/02\/Canon-EOS-1D-X-Mark-II-20220225-183505-4857\/3531893387.jpg 2x\" src=\"data:image\/svg+xml,%3Csvg%20xmlns%3D%22http%3A%2F%2Fwww.w3.org%2F2000%2Fsvg%22%20width%3D%22450%22%20height%3D%22300%22%20viewBox%3D%220%200%20450%20300%22%3E%3C%2Fsvg%3E\" loading=\"eager\"><\/span><span class=\"fg-image-overlay\"><\/span><\/a><\/figure><div class=\"fg-loader\"><\/div><\/div><div class=\"fg-item fg-type-image fg-idle\"><figure class=\"fg-item-inner\"><a href=\"https:\/\/6x7.ch\/photographie\/wp-content\/uploads\/2022\/02\/Canon-EOS-1D-X-Mark-II-20220225-184411-4877.jpg\" data-attachment-id=\"3105\" data-type=\"image\" class=\"fg-thumb\"><span class=\"fg-image-wrap\"><img decoding=\"async\" height=\"300\" width=\"450\" class=\"skip-lazy fg-image\" data-src-fg=\"https:\/\/6x7.ch\/photographie\/wp-content\/uploads\/cache\/2022\/02\/Canon-EOS-1D-X-Mark-II-20220225-184411-4877\/2063772686.jpg\" data-srcset-fg=\"https:\/\/6x7.ch\/photographie\/wp-content\/uploads\/cache\/2022\/02\/Canon-EOS-1D-X-Mark-II-20220225-184411-4877\/1357423930.jpg 2x\" src=\"data:image\/svg+xml,%3Csvg%20xmlns%3D%22http%3A%2F%2Fwww.w3.org%2F2000%2Fsvg%22%20width%3D%22450%22%20height%3D%22300%22%20viewBox%3D%220%200%20450%20300%22%3E%3C%2Fsvg%3E\" loading=\"eager\"><\/span><span class=\"fg-image-overlay\"><\/span><\/a><\/figure><div class=\"fg-loader\"><\/div><\/div><div class=\"fg-item fg-type-image fg-idle\"><figure class=\"fg-item-inner\"><a href=\"https:\/\/6x7.ch\/photographie\/wp-content\/uploads\/2022\/02\/Canon-EOS-1D-X-Mark-II-20220225-184856-4887.jpg\" data-attachment-id=\"3106\" data-type=\"image\" class=\"fg-thumb\"><span class=\"fg-image-wrap\"><img decoding=\"async\" height=\"300\" width=\"350\" class=\"skip-lazy fg-image\" data-src-fg=\"https:\/\/6x7.ch\/photographie\/wp-content\/uploads\/cache\/2022\/02\/Canon-EOS-1D-X-Mark-II-20220225-184856-4887\/2173867239.jpg\" data-srcset-fg=\"https:\/\/6x7.ch\/photographie\/wp-content\/uploads\/cache\/2022\/02\/Canon-EOS-1D-X-Mark-II-20220225-184856-4887\/860664262.jpg 2x\" src=\"data:image\/svg+xml,%3Csvg%20xmlns%3D%22http%3A%2F%2Fwww.w3.org%2F2000%2Fsvg%22%20width%3D%22350%22%20height%3D%22300%22%20viewBox%3D%220%200%20350%20300%22%3E%3C%2Fsvg%3E\" loading=\"eager\"><\/span><span class=\"fg-image-overlay\"><\/span><\/a><\/figure><div class=\"fg-loader\"><\/div><\/div><div class=\"fg-item fg-type-image fg-idle\"><figure class=\"fg-item-inner\"><a href=\"https:\/\/6x7.ch\/photographie\/wp-content\/uploads\/2022\/02\/Canon-EOS-1D-X-Mark-II-20220225-185037-4892.jpg\" data-attachment-id=\"3107\" data-type=\"image\" class=\"fg-thumb\"><span class=\"fg-image-wrap\"><img decoding=\"async\" height=\"300\" width=\"350\" class=\"skip-lazy fg-image\" data-src-fg=\"https:\/\/6x7.ch\/photographie\/wp-content\/uploads\/cache\/2022\/02\/Canon-EOS-1D-X-Mark-II-20220225-185037-4892\/798101167.jpg\" data-srcset-fg=\"https:\/\/6x7.ch\/photographie\/wp-content\/uploads\/cache\/2022\/02\/Canon-EOS-1D-X-Mark-II-20220225-185037-4892\/2639014798.jpg 2x\" src=\"data:image\/svg+xml,%3Csvg%20xmlns%3D%22http%3A%2F%2Fwww.w3.org%2F2000%2Fsvg%22%20width%3D%22350%22%20height%3D%22300%22%20viewBox%3D%220%200%20350%20300%22%3E%3C%2Fsvg%3E\" loading=\"eager\"><\/span><span class=\"fg-image-overlay\"><\/span><\/a><\/figure><div class=\"fg-loader\"><\/div><\/div><div class=\"fg-item fg-type-image fg-idle\"><figure class=\"fg-item-inner\"><a href=\"https:\/\/6x7.ch\/photographie\/wp-content\/uploads\/2022\/02\/Canon-EOS-1D-X-Mark-II-20220225-185122-4895.jpg\" data-attachment-id=\"3108\" data-type=\"image\" class=\"fg-thumb\"><span class=\"fg-image-wrap\"><img decoding=\"async\" height=\"300\" width=\"350\" class=\"skip-lazy fg-image\" data-src-fg=\"https:\/\/6x7.ch\/photographie\/wp-content\/uploads\/cache\/2022\/02\/Canon-EOS-1D-X-Mark-II-20220225-185122-4895\/142608344.jpg\" data-srcset-fg=\"https:\/\/6x7.ch\/photographie\/wp-content\/uploads\/cache\/2022\/02\/Canon-EOS-1D-X-Mark-II-20220225-185122-4895\/3126731513.jpg 2x\" src=\"data:image\/svg+xml,%3Csvg%20xmlns%3D%22http%3A%2F%2Fwww.w3.org%2F2000%2Fsvg%22%20width%3D%22350%22%20height%3D%22300%22%20viewBox%3D%220%200%20350%20300%22%3E%3C%2Fsvg%3E\" loading=\"eager\"><\/span><span class=\"fg-image-overlay\"><\/span><\/a><\/figure><div class=\"fg-loader\"><\/div><\/div><div class=\"fg-item fg-type-image fg-idle\"><figure class=\"fg-item-inner\"><a href=\"https:\/\/6x7.ch\/photographie\/wp-content\/uploads\/2022\/02\/Canon-EOS-1D-X-Mark-II-20220225-185156-4898.jpg\" data-attachment-id=\"3109\" data-type=\"image\" class=\"fg-thumb\"><span class=\"fg-image-wrap\"><img decoding=\"async\" height=\"300\" width=\"350\" class=\"skip-lazy fg-image\" data-src-fg=\"https:\/\/6x7.ch\/photographie\/wp-content\/uploads\/cache\/2022\/02\/Canon-EOS-1D-X-Mark-II-20220225-185156-4898\/2212470037.jpg\" data-srcset-fg=\"https:\/\/6x7.ch\/photographie\/wp-content\/uploads\/cache\/2022\/02\/Canon-EOS-1D-X-Mark-II-20220225-185156-4898\/822196276.jpg 2x\" src=\"data:image\/svg+xml,%3Csvg%20xmlns%3D%22http%3A%2F%2Fwww.w3.org%2F2000%2Fsvg%22%20width%3D%22350%22%20height%3D%22300%22%20viewBox%3D%220%200%20350%20300%22%3E%3C%2Fsvg%3E\" loading=\"eager\"><\/span><span class=\"fg-image-overlay\"><\/span><\/a><\/figure><div class=\"fg-loader\"><\/div><\/div><div class=\"fg-item fg-type-image fg-idle\"><figure class=\"fg-item-inner\"><a href=\"https:\/\/6x7.ch\/photographie\/wp-content\/uploads\/2022\/02\/Canon-EOS-1D-X-Mark-II-20220225-185308-4901.jpg\" data-attachment-id=\"3110\" data-type=\"image\" class=\"fg-thumb\"><span class=\"fg-image-wrap\"><img decoding=\"async\" height=\"300\" width=\"350\" class=\"skip-lazy fg-image\" data-src-fg=\"https:\/\/6x7.ch\/photographie\/wp-content\/uploads\/cache\/2022\/02\/Canon-EOS-1D-X-Mark-II-20220225-185308-4901\/2206541835.jpg\" data-srcset-fg=\"https:\/\/6x7.ch\/photographie\/wp-content\/uploads\/cache\/2022\/02\/Canon-EOS-1D-X-Mark-II-20220225-185308-4901\/828050730.jpg 2x\" src=\"data:image\/svg+xml,%3Csvg%20xmlns%3D%22http%3A%2F%2Fwww.w3.org%2F2000%2Fsvg%22%20width%3D%22350%22%20height%3D%22300%22%20viewBox%3D%220%200%20350%20300%22%3E%3C%2Fsvg%3E\" loading=\"eager\"><\/span><span class=\"fg-image-overlay\"><\/span><\/a><\/figure><div class=\"fg-loader\"><\/div><\/div><div class=\"fg-item fg-type-image fg-idle\"><figure class=\"fg-item-inner\"><a href=\"https:\/\/6x7.ch\/photographie\/wp-content\/uploads\/2022\/02\/Canon-EOS-1D-X-Mark-II-20220225-185443-4906.jpg\" data-attachment-id=\"3111\" data-type=\"image\" class=\"fg-thumb\"><span class=\"fg-image-wrap\"><img decoding=\"async\" height=\"300\" width=\"350\" class=\"skip-lazy fg-image\" data-src-fg=\"https:\/\/6x7.ch\/photographie\/wp-content\/uploads\/cache\/2022\/02\/Canon-EOS-1D-X-Mark-II-20220225-185443-4906\/1493848570.jpg\" data-srcset-fg=\"https:\/\/6x7.ch\/photographie\/wp-content\/uploads\/cache\/2022\/02\/Canon-EOS-1D-X-Mark-II-20220225-185443-4906\/3956569307.jpg 2x\" src=\"data:image\/svg+xml,%3Csvg%20xmlns%3D%22http%3A%2F%2Fwww.w3.org%2F2000%2Fsvg%22%20width%3D%22350%22%20height%3D%22300%22%20viewBox%3D%220%200%20350%20300%22%3E%3C%2Fsvg%3E\" loading=\"eager\"><\/span><span class=\"fg-image-overlay\"><\/span><\/a><\/figure><div class=\"fg-loader\"><\/div><\/div><div class=\"fg-item fg-type-image fg-idle\"><figure class=\"fg-item-inner\"><a href=\"https:\/\/6x7.ch\/photographie\/wp-content\/uploads\/2022\/02\/Canon-EOS-1D-X-Mark-II-20220225-185712-4912.jpg\" data-attachment-id=\"3112\" data-type=\"image\" class=\"fg-thumb\"><span class=\"fg-image-wrap\"><img decoding=\"async\" height=\"300\" width=\"350\" class=\"skip-lazy fg-image\" data-src-fg=\"https:\/\/6x7.ch\/photographie\/wp-content\/uploads\/cache\/2022\/02\/Canon-EOS-1D-X-Mark-II-20220225-185712-4912\/2255503693.jpg\" data-srcset-fg=\"https:\/\/6x7.ch\/photographie\/wp-content\/uploads\/cache\/2022\/02\/Canon-EOS-1D-X-Mark-II-20220225-185712-4912\/883844204.jpg 2x\" src=\"data:image\/svg+xml,%3Csvg%20xmlns%3D%22http%3A%2F%2Fwww.w3.org%2F2000%2Fsvg%22%20width%3D%22350%22%20height%3D%22300%22%20viewBox%3D%220%200%20350%20300%22%3E%3C%2Fsvg%3E\" loading=\"eager\"><\/span><span class=\"fg-image-overlay\"><\/span><\/a><\/figure><div class=\"fg-loader\"><\/div><\/div><div class=\"fg-item fg-type-image fg-idle\"><figure class=\"fg-item-inner\"><a href=\"https:\/\/6x7.ch\/photographie\/wp-content\/uploads\/2022\/02\/Canon-EOS-1D-X-Mark-II-20220225-185755-4914.jpg\" data-attachment-id=\"3113\" data-type=\"image\" class=\"fg-thumb\"><span class=\"fg-image-wrap\"><img decoding=\"async\" height=\"300\" width=\"350\" class=\"skip-lazy fg-image\" data-src-fg=\"https:\/\/6x7.ch\/photographie\/wp-content\/uploads\/cache\/2022\/02\/Canon-EOS-1D-X-Mark-II-20220225-185755-4914\/2448330435.jpg\" data-srcset-fg=\"https:\/\/6x7.ch\/photographie\/wp-content\/uploads\/cache\/2022\/02\/Canon-EOS-1D-X-Mark-II-20220225-185755-4914\/590392290.jpg 2x\" src=\"data:image\/svg+xml,%3Csvg%20xmlns%3D%22http%3A%2F%2Fwww.w3.org%2F2000%2Fsvg%22%20width%3D%22350%22%20height%3D%22300%22%20viewBox%3D%220%200%20350%20300%22%3E%3C%2Fsvg%3E\" loading=\"eager\"><\/span><span class=\"fg-image-overlay\"><\/span><\/a><\/figure><div class=\"fg-loader\"><\/div><\/div><div class=\"fg-item fg-type-image fg-idle\"><figure class=\"fg-item-inner\"><a href=\"https:\/\/6x7.ch\/photographie\/wp-content\/uploads\/2022\/02\/Canon-EOS-1D-X-Mark-II-20220225-185833-4917.jpg\" data-attachment-id=\"3114\" data-type=\"image\" class=\"fg-thumb\"><span class=\"fg-image-wrap\"><img decoding=\"async\" height=\"300\" width=\"350\" class=\"skip-lazy fg-image\" data-src-fg=\"https:\/\/6x7.ch\/photographie\/wp-content\/uploads\/cache\/2022\/02\/Canon-EOS-1D-X-Mark-II-20220225-185833-4917\/2934390434.jpg\" data-srcset-fg=\"https:\/\/6x7.ch\/photographie\/wp-content\/uploads\/cache\/2022\/02\/Canon-EOS-1D-X-Mark-II-20220225-185833-4917\/473504643.jpg 2x\" src=\"data:image\/svg+xml,%3Csvg%20xmlns%3D%22http%3A%2F%2Fwww.w3.org%2F2000%2Fsvg%22%20width%3D%22350%22%20height%3D%22300%22%20viewBox%3D%220%200%20350%20300%22%3E%3C%2Fsvg%3E\" loading=\"eager\"><\/span><span class=\"fg-image-overlay\"><\/span><\/a><\/figure><div class=\"fg-loader\"><\/div><\/div><div class=\"fg-item fg-type-image fg-idle\"><figure class=\"fg-item-inner\"><a href=\"https:\/\/6x7.ch\/photographie\/wp-content\/uploads\/2022\/02\/Canon-EOS-1D-X-Mark-II-20220225-185833-4918.jpg\" data-attachment-id=\"3115\" data-type=\"image\" class=\"fg-thumb\"><span class=\"fg-image-wrap\"><img decoding=\"async\" height=\"300\" width=\"350\" class=\"skip-lazy fg-image\" data-src-fg=\"https:\/\/6x7.ch\/photographie\/wp-content\/uploads\/cache\/2022\/02\/Canon-EOS-1D-X-Mark-II-20220225-185833-4918\/3270075204.jpg\" data-srcset-fg=\"https:\/\/6x7.ch\/photographie\/wp-content\/uploads\/cache\/2022\/02\/Canon-EOS-1D-X-Mark-II-20220225-185833-4918\/1882670693.jpg 2x\" src=\"data:image\/svg+xml,%3Csvg%20xmlns%3D%22http%3A%2F%2Fwww.w3.org%2F2000%2Fsvg%22%20width%3D%22350%22%20height%3D%22300%22%20viewBox%3D%220%200%20350%20300%22%3E%3C%2Fsvg%3E\" loading=\"eager\"><\/span><span class=\"fg-image-overlay\"><\/span><\/a><\/figure><div class=\"fg-loader\"><\/div><\/div><div class=\"fg-item fg-type-image fg-idle\"><figure class=\"fg-item-inner\"><a href=\"https:\/\/6x7.ch\/photographie\/wp-content\/uploads\/2022\/02\/Canon-EOS-1D-X-Mark-II-20220225-185945-4922.jpg\" data-attachment-id=\"3116\" data-type=\"image\" class=\"fg-thumb\"><span class=\"fg-image-wrap\"><img decoding=\"async\" height=\"300\" width=\"350\" class=\"skip-lazy fg-image\" data-src-fg=\"https:\/\/6x7.ch\/photographie\/wp-content\/uploads\/cache\/2022\/02\/Canon-EOS-1D-X-Mark-II-20220225-185945-4922\/309606947.jpg\" data-srcset-fg=\"https:\/\/6x7.ch\/photographie\/wp-content\/uploads\/cache\/2022\/02\/Canon-EOS-1D-X-Mark-II-20220225-185945-4922\/2695503618.jpg 2x\" src=\"data:image\/svg+xml,%3Csvg%20xmlns%3D%22http%3A%2F%2Fwww.w3.org%2F2000%2Fsvg%22%20width%3D%22350%22%20height%3D%22300%22%20viewBox%3D%220%200%20350%20300%22%3E%3C%2Fsvg%3E\" loading=\"eager\"><\/span><span class=\"fg-image-overlay\"><\/span><\/a><\/figure><div class=\"fg-loader\"><\/div><\/div><div class=\"fg-item fg-type-image fg-idle\"><figure class=\"fg-item-inner\"><a href=\"https:\/\/6x7.ch\/photographie\/wp-content\/uploads\/2022\/02\/Canon-EOS-1D-X-Mark-II-20220225-190105-4927.jpg\" data-attachment-id=\"3117\" data-type=\"image\" class=\"fg-thumb\"><span class=\"fg-image-wrap\"><img decoding=\"async\" height=\"300\" width=\"350\" class=\"skip-lazy fg-image\" data-src-fg=\"https:\/\/6x7.ch\/photographie\/wp-content\/uploads\/cache\/2022\/02\/Canon-EOS-1D-X-Mark-II-20220225-190105-4927\/3294637764.jpg\" data-srcset-fg=\"https:\/\/6x7.ch\/photographie\/wp-content\/uploads\/cache\/2022\/02\/Canon-EOS-1D-X-Mark-II-20220225-190105-4927\/1992166373.jpg 2x\" src=\"data:image\/svg+xml,%3Csvg%20xmlns%3D%22http%3A%2F%2Fwww.w3.org%2F2000%2Fsvg%22%20width%3D%22350%22%20height%3D%22300%22%20viewBox%3D%220%200%20350%20300%22%3E%3C%2Fsvg%3E\" loading=\"eager\"><\/span><span class=\"fg-image-overlay\"><\/span><\/a><\/figure><div class=\"fg-loader\"><\/div><\/div><div class=\"fg-item fg-type-image fg-idle\"><figure class=\"fg-item-inner\"><a href=\"https:\/\/6x7.ch\/photographie\/wp-content\/uploads\/2022\/02\/Canon-EOS-1D-X-Mark-II-20220225-190138-4928.jpg\" data-attachment-id=\"3118\" data-type=\"image\" class=\"fg-thumb\"><span class=\"fg-image-wrap\"><img decoding=\"async\" height=\"300\" width=\"350\" class=\"skip-lazy fg-image\" data-src-fg=\"https:\/\/6x7.ch\/photographie\/wp-content\/uploads\/cache\/2022\/02\/Canon-EOS-1D-X-Mark-II-20220225-190138-4928\/838987822.jpg\" data-srcset-fg=\"https:\/\/6x7.ch\/photographie\/wp-content\/uploads\/cache\/2022\/02\/Canon-EOS-1D-X-Mark-II-20220225-190138-4928\/2162152719.jpg 2x\" src=\"data:image\/svg+xml,%3Csvg%20xmlns%3D%22http%3A%2F%2Fwww.w3.org%2F2000%2Fsvg%22%20width%3D%22350%22%20height%3D%22300%22%20viewBox%3D%220%200%20350%20300%22%3E%3C%2Fsvg%3E\" loading=\"eager\"><\/span><span class=\"fg-image-overlay\"><\/span><\/a><\/figure><div class=\"fg-loader\"><\/div><\/div><div class=\"fg-item fg-type-image fg-idle\"><figure class=\"fg-item-inner\"><a href=\"https:\/\/6x7.ch\/photographie\/wp-content\/uploads\/2022\/02\/Canon-EOS-1D-X-Mark-II-20220225-190222-4931.jpg\" data-attachment-id=\"3119\" data-type=\"image\" class=\"fg-thumb\"><span class=\"fg-image-wrap\"><img decoding=\"async\" height=\"300\" width=\"350\" class=\"skip-lazy fg-image\" data-src-fg=\"https:\/\/6x7.ch\/photographie\/wp-content\/uploads\/cache\/2022\/02\/Canon-EOS-1D-X-Mark-II-20220225-190222-4931\/959864101.jpg\" data-srcset-fg=\"https:\/\/6x7.ch\/photographie\/wp-content\/uploads\/cache\/2022\/02\/Canon-EOS-1D-X-Mark-II-20220225-190222-4931\/2347268100.jpg 2x\" src=\"data:image\/svg+xml,%3Csvg%20xmlns%3D%22http%3A%2F%2Fwww.w3.org%2F2000%2Fsvg%22%20width%3D%22350%22%20height%3D%22300%22%20viewBox%3D%220%200%20350%20300%22%3E%3C%2Fsvg%3E\" loading=\"eager\"><\/span><span class=\"fg-image-overlay\"><\/span><\/a><\/figure><div class=\"fg-loader\"><\/div><\/div><div class=\"fg-item fg-type-image fg-idle\"><figure class=\"fg-item-inner\"><a href=\"https:\/\/6x7.ch\/photographie\/wp-content\/uploads\/2022\/02\/Canon-EOS-1D-X-Mark-II-20220225-190303-4933.jpg\" data-attachment-id=\"3120\" data-type=\"image\" class=\"fg-thumb\"><span class=\"fg-image-wrap\"><img decoding=\"async\" height=\"300\" width=\"350\" class=\"skip-lazy fg-image\" data-src-fg=\"https:\/\/6x7.ch\/photographie\/wp-content\/uploads\/cache\/2022\/02\/Canon-EOS-1D-X-Mark-II-20220225-190303-4933\/2192521031.jpg\" data-srcset-fg=\"https:\/\/6x7.ch\/photographie\/wp-content\/uploads\/cache\/2022\/02\/Canon-EOS-1D-X-Mark-II-20220225-190303-4933\/812716646.jpg 2x\" src=\"data:image\/svg+xml,%3Csvg%20xmlns%3D%22http%3A%2F%2Fwww.w3.org%2F2000%2Fsvg%22%20width%3D%22350%22%20height%3D%22300%22%20viewBox%3D%220%200%20350%20300%22%3E%3C%2Fsvg%3E\" loading=\"eager\"><\/span><span class=\"fg-image-overlay\"><\/span><\/a><\/figure><div class=\"fg-loader\"><\/div><\/div><div class=\"fg-item fg-type-image fg-idle\"><figure class=\"fg-item-inner\"><a href=\"https:\/\/6x7.ch\/photographie\/wp-content\/uploads\/2022\/02\/Canon-EOS-1D-X-Mark-II-20220225-190339-4935.jpg\" data-attachment-id=\"3121\" data-type=\"image\" class=\"fg-thumb\"><span class=\"fg-image-wrap\"><img decoding=\"async\" height=\"300\" width=\"350\" class=\"skip-lazy fg-image\" data-src-fg=\"https:\/\/6x7.ch\/photographie\/wp-content\/uploads\/cache\/2022\/02\/Canon-EOS-1D-X-Mark-II-20220225-190339-4935\/3083874935.jpg\" data-srcset-fg=\"https:\/\/6x7.ch\/photographie\/wp-content\/uploads\/cache\/2022\/02\/Canon-EOS-1D-X-Mark-II-20220225-190339-4935\/84809558.jpg 2x\" src=\"data:image\/svg+xml,%3Csvg%20xmlns%3D%22http%3A%2F%2Fwww.w3.org%2F2000%2Fsvg%22%20width%3D%22350%22%20height%3D%22300%22%20viewBox%3D%220%200%20350%20300%22%3E%3C%2Fsvg%3E\" loading=\"eager\"><\/span><span class=\"fg-image-overlay\"><\/span><\/a><\/figure><div class=\"fg-loader\"><\/div><\/div><div class=\"fg-item fg-type-image fg-idle\"><figure class=\"fg-item-inner\"><a href=\"https:\/\/6x7.ch\/photographie\/wp-content\/uploads\/2022\/02\/Canon-EOS-1D-X-Mark-II-20220225-190341-4936.jpg\" data-attachment-id=\"3122\" data-type=\"image\" class=\"fg-thumb\"><span class=\"fg-image-wrap\"><img decoding=\"async\" height=\"300\" width=\"350\" class=\"skip-lazy fg-image\" data-src-fg=\"https:\/\/6x7.ch\/photographie\/wp-content\/uploads\/cache\/2022\/02\/Canon-EOS-1D-X-Mark-II-20220225-190341-4936\/43162534.jpg\" data-srcset-fg=\"https:\/\/6x7.ch\/photographie\/wp-content\/uploads\/cache\/2022\/02\/Canon-EOS-1D-X-Mark-II-20220225-190341-4936\/2957819527.jpg 2x\" src=\"data:image\/svg+xml,%3Csvg%20xmlns%3D%22http%3A%2F%2Fwww.w3.org%2F2000%2Fsvg%22%20width%3D%22350%22%20height%3D%22300%22%20viewBox%3D%220%200%20350%20300%22%3E%3C%2Fsvg%3E\" loading=\"eager\"><\/span><span class=\"fg-image-overlay\"><\/span><\/a><\/figure><div class=\"fg-loader\"><\/div><\/div><div class=\"fg-item fg-type-image fg-idle\"><figure class=\"fg-item-inner\"><a href=\"https:\/\/6x7.ch\/photographie\/wp-content\/uploads\/2022\/02\/Canon-EOS-1D-X-Mark-II-20220225-190539-4941.jpg\" data-attachment-id=\"3123\" data-type=\"image\" class=\"fg-thumb\"><span class=\"fg-image-wrap\"><img decoding=\"async\" height=\"300\" width=\"350\" class=\"skip-lazy fg-image\" data-src-fg=\"https:\/\/6x7.ch\/photographie\/wp-content\/uploads\/cache\/2022\/02\/Canon-EOS-1D-X-Mark-II-20220225-190539-4941\/3291225443.jpg\" data-srcset-fg=\"https:\/\/6x7.ch\/photographie\/wp-content\/uploads\/cache\/2022\/02\/Canon-EOS-1D-X-Mark-II-20220225-190539-4941\/1995585602.jpg 2x\" src=\"data:image\/svg+xml,%3Csvg%20xmlns%3D%22http%3A%2F%2Fwww.w3.org%2F2000%2Fsvg%22%20width%3D%22350%22%20height%3D%22300%22%20viewBox%3D%220%200%20350%20300%22%3E%3C%2Fsvg%3E\" loading=\"eager\"><\/span><span class=\"fg-image-overlay\"><\/span><\/a><\/figure><div class=\"fg-loader\"><\/div><\/div><div class=\"fg-item fg-type-image fg-idle\"><figure class=\"fg-item-inner\"><a href=\"https:\/\/6x7.ch\/photographie\/wp-content\/uploads\/2022\/02\/Canon-EOS-1D-X-Mark-II-20220225-190625-4942.jpg\" data-attachment-id=\"3124\" data-type=\"image\" class=\"fg-thumb\"><span class=\"fg-image-wrap\"><img decoding=\"async\" height=\"300\" width=\"350\" class=\"skip-lazy fg-image\" data-src-fg=\"https:\/\/6x7.ch\/photographie\/wp-content\/uploads\/cache\/2022\/02\/Canon-EOS-1D-X-Mark-II-20220225-190625-4942\/3779250176.jpg\" data-srcset-fg=\"https:\/\/6x7.ch\/photographie\/wp-content\/uploads\/cache\/2022\/02\/Canon-EOS-1D-X-Mark-II-20220225-190625-4942\/1402793249.jpg 2x\" src=\"data:image\/svg+xml,%3Csvg%20xmlns%3D%22http%3A%2F%2Fwww.w3.org%2F2000%2Fsvg%22%20width%3D%22350%22%20height%3D%22300%22%20viewBox%3D%220%200%20350%20300%22%3E%3C%2Fsvg%3E\" loading=\"eager\"><\/span><span class=\"fg-image-overlay\"><\/span><\/a><\/figure><div class=\"fg-loader\"><\/div><\/div><div class=\"fg-item fg-type-image fg-idle\"><figure class=\"fg-item-inner\"><a href=\"https:\/\/6x7.ch\/photographie\/wp-content\/uploads\/2022\/02\/Canon-EOS-1D-X-Mark-II-20220225-190704-4944.jpg\" data-attachment-id=\"3125\" data-type=\"image\" class=\"fg-thumb\"><span class=\"fg-image-wrap\"><img decoding=\"async\" height=\"300\" width=\"350\" class=\"skip-lazy fg-image\" data-src-fg=\"https:\/\/6x7.ch\/photographie\/wp-content\/uploads\/cache\/2022\/02\/Canon-EOS-1D-X-Mark-II-20220225-190704-4944\/385894413.jpg\" data-srcset-fg=\"https:\/\/6x7.ch\/photographie\/wp-content\/uploads\/cache\/2022\/02\/Canon-EOS-1D-X-Mark-II-20220225-190704-4944\/2782817580.jpg 2x\" src=\"data:image\/svg+xml,%3Csvg%20xmlns%3D%22http%3A%2F%2Fwww.w3.org%2F2000%2Fsvg%22%20width%3D%22350%22%20height%3D%22300%22%20viewBox%3D%220%200%20350%20300%22%3E%3C%2Fsvg%3E\" loading=\"eager\"><\/span><span class=\"fg-image-overlay\"><\/span><\/a><\/figure><div class=\"fg-loader\"><\/div><\/div><div class=\"fg-item fg-type-image fg-idle\"><figure class=\"fg-item-inner\"><a href=\"https:\/\/6x7.ch\/photographie\/wp-content\/uploads\/2022\/02\/Canon-EOS-1D-X-Mark-II-20220225-190812-4948.jpg\" data-attachment-id=\"3126\" data-type=\"image\" class=\"fg-thumb\"><span class=\"fg-image-wrap\"><img decoding=\"async\" height=\"300\" width=\"350\" class=\"skip-lazy fg-image\" data-src-fg=\"https:\/\/6x7.ch\/photographie\/wp-content\/uploads\/cache\/2022\/02\/Canon-EOS-1D-X-Mark-II-20220225-190812-4948\/768505835.jpg\" data-srcset-fg=\"https:\/\/6x7.ch\/photographie\/wp-content\/uploads\/cache\/2022\/02\/Canon-EOS-1D-X-Mark-II-20220225-190812-4948\/2668647114.jpg 2x\" src=\"data:image\/svg+xml,%3Csvg%20xmlns%3D%22http%3A%2F%2Fwww.w3.org%2F2000%2Fsvg%22%20width%3D%22350%22%20height%3D%22300%22%20viewBox%3D%220%200%20350%20300%22%3E%3C%2Fsvg%3E\" loading=\"eager\"><\/span><span class=\"fg-image-overlay\"><\/span><\/a><\/figure><div class=\"fg-loader\"><\/div><\/div><div class=\"fg-item fg-type-image fg-idle\"><figure class=\"fg-item-inner\"><a href=\"https:\/\/6x7.ch\/photographie\/wp-content\/uploads\/2022\/02\/Canon-EOS-1D-X-Mark-II-20220225-190844-4949.jpg\" data-attachment-id=\"3127\" data-type=\"image\" class=\"fg-thumb\"><span class=\"fg-image-wrap\"><img decoding=\"async\" height=\"300\" width=\"350\" class=\"skip-lazy fg-image\" data-src-fg=\"https:\/\/6x7.ch\/photographie\/wp-content\/uploads\/cache\/2022\/02\/Canon-EOS-1D-X-Mark-II-20220225-190844-4949\/1879869839.jpg\" data-srcset-fg=\"https:\/\/6x7.ch\/photographie\/wp-content\/uploads\/cache\/2022\/02\/Canon-EOS-1D-X-Mark-II-20220225-190844-4949\/3268586670.jpg 2x\" src=\"data:image\/svg+xml,%3Csvg%20xmlns%3D%22http%3A%2F%2Fwww.w3.org%2F2000%2Fsvg%22%20width%3D%22350%22%20height%3D%22300%22%20viewBox%3D%220%200%20350%20300%22%3E%3C%2Fsvg%3E\" loading=\"eager\"><\/span><span class=\"fg-image-overlay\"><\/span><\/a><\/figure><div class=\"fg-loader\"><\/div><\/div><div class=\"fg-item fg-type-image fg-idle\"><figure class=\"fg-item-inner\"><a href=\"https:\/\/6x7.ch\/photographie\/wp-content\/uploads\/2022\/02\/Canon-EOS-1D-X-Mark-II-20220225-190918-4950.jpg\" data-attachment-id=\"3128\" data-type=\"image\" class=\"fg-thumb\"><span class=\"fg-image-wrap\"><img decoding=\"async\" height=\"300\" width=\"350\" class=\"skip-lazy fg-image\" data-src-fg=\"https:\/\/6x7.ch\/photographie\/wp-content\/uploads\/cache\/2022\/02\/Canon-EOS-1D-X-Mark-II-20220225-190918-4950\/3419800442.jpg\" data-srcset-fg=\"https:\/\/6x7.ch\/photographie\/wp-content\/uploads\/cache\/2022\/02\/Canon-EOS-1D-X-Mark-II-20220225-190918-4950\/2030577243.jpg 2x\" src=\"data:image\/svg+xml,%3Csvg%20xmlns%3D%22http%3A%2F%2Fwww.w3.org%2F2000%2Fsvg%22%20width%3D%22350%22%20height%3D%22300%22%20viewBox%3D%220%200%20350%20300%22%3E%3C%2Fsvg%3E\" loading=\"eager\"><\/span><span class=\"fg-image-overlay\"><\/span><\/a><\/figure><div class=\"fg-loader\"><\/div><\/div><div class=\"fg-item fg-type-image fg-idle\"><figure class=\"fg-item-inner\"><a href=\"https:\/\/6x7.ch\/photographie\/wp-content\/uploads\/2022\/02\/Canon-EOS-1D-X-Mark-II-20220225-190950-4951.jpg\" data-attachment-id=\"3129\" data-type=\"image\" class=\"fg-thumb\"><span class=\"fg-image-wrap\"><img decoding=\"async\" height=\"300\" width=\"350\" class=\"skip-lazy fg-image\" data-src-fg=\"https:\/\/6x7.ch\/photographie\/wp-content\/uploads\/cache\/2022\/02\/Canon-EOS-1D-X-Mark-II-20220225-190950-4951\/4059893976.jpg\" data-srcset-fg=\"https:\/\/6x7.ch\/photographie\/wp-content\/uploads\/cache\/2022\/02\/Canon-EOS-1D-X-Mark-II-20220225-190950-4951\/1126381049.jpg 2x\" src=\"data:image\/svg+xml,%3Csvg%20xmlns%3D%22http%3A%2F%2Fwww.w3.org%2F2000%2Fsvg%22%20width%3D%22350%22%20height%3D%22300%22%20viewBox%3D%220%200%20350%20300%22%3E%3C%2Fsvg%3E\" loading=\"eager\"><\/span><span class=\"fg-image-overlay\"><\/span><\/a><\/figure><div class=\"fg-loader\"><\/div><\/div><div class=\"fg-item fg-type-image fg-idle\"><figure class=\"fg-item-inner\"><a href=\"https:\/\/6x7.ch\/photographie\/wp-content\/uploads\/2022\/02\/Canon-EOS-1D-X-Mark-II-20220225-191028-4953.jpg\" data-attachment-id=\"3130\" data-type=\"image\" class=\"fg-thumb\"><span class=\"fg-image-wrap\"><img decoding=\"async\" height=\"300\" width=\"350\" class=\"skip-lazy fg-image\" data-src-fg=\"https:\/\/6x7.ch\/photographie\/wp-content\/uploads\/cache\/2022\/02\/Canon-EOS-1D-X-Mark-II-20220225-191028-4953\/3736815850.jpg\" data-srcset-fg=\"https:\/\/6x7.ch\/photographie\/wp-content\/uploads\/cache\/2022\/02\/Canon-EOS-1D-X-Mark-II-20220225-191028-4953\/1818586571.jpg 2x\" src=\"data:image\/svg+xml,%3Csvg%20xmlns%3D%22http%3A%2F%2Fwww.w3.org%2F2000%2Fsvg%22%20width%3D%22350%22%20height%3D%22300%22%20viewBox%3D%220%200%20350%20300%22%3E%3C%2Fsvg%3E\" loading=\"eager\"><\/span><span class=\"fg-image-overlay\"><\/span><\/a><\/figure><div class=\"fg-loader\"><\/div><\/div><div class=\"fg-item fg-type-image fg-idle\"><figure class=\"fg-item-inner\"><a href=\"https:\/\/6x7.ch\/photographie\/wp-content\/uploads\/2022\/02\/Canon-EOS-1D-X-Mark-II-20220225-191143-4956.jpg\" data-attachment-id=\"3131\" data-type=\"image\" class=\"fg-thumb\"><span class=\"fg-image-wrap\"><img decoding=\"async\" height=\"300\" width=\"350\" class=\"skip-lazy fg-image\" data-src-fg=\"https:\/\/6x7.ch\/photographie\/wp-content\/uploads\/cache\/2022\/02\/Canon-EOS-1D-X-Mark-II-20220225-191143-4956\/2240095801.jpg\" data-srcset-fg=\"https:\/\/6x7.ch\/photographie\/wp-content\/uploads\/cache\/2022\/02\/Canon-EOS-1D-X-Mark-II-20220225-191143-4956\/928711448.jpg 2x\" src=\"data:image\/svg+xml,%3Csvg%20xmlns%3D%22http%3A%2F%2Fwww.w3.org%2F2000%2Fsvg%22%20width%3D%22350%22%20height%3D%22300%22%20viewBox%3D%220%200%20350%20300%22%3E%3C%2Fsvg%3E\" loading=\"eager\"><\/span><span class=\"fg-image-overlay\"><\/span><\/a><\/figure><div class=\"fg-loader\"><\/div><\/div><div class=\"fg-item fg-type-image fg-idle\"><figure class=\"fg-item-inner\"><a href=\"https:\/\/6x7.ch\/photographie\/wp-content\/uploads\/2022\/02\/Canon-EOS-1D-X-Mark-II-20220225-195449-4966.jpg\" data-attachment-id=\"3132\" data-type=\"image\" class=\"fg-thumb\"><span class=\"fg-image-wrap\"><img decoding=\"async\" height=\"300\" width=\"450\" class=\"skip-lazy fg-image\" data-src-fg=\"https:\/\/6x7.ch\/photographie\/wp-content\/uploads\/cache\/2022\/02\/Canon-EOS-1D-X-Mark-II-20220225-195449-4966\/1709332809.jpg\" data-srcset-fg=\"https:\/\/6x7.ch\/photographie\/wp-content\/uploads\/cache\/2022\/02\/Canon-EOS-1D-X-Mark-II-20220225-195449-4966\/1309167741.jpg 2x\" src=\"data:image\/svg+xml,%3Csvg%20xmlns%3D%22http%3A%2F%2Fwww.w3.org%2F2000%2Fsvg%22%20width%3D%22450%22%20height%3D%22300%22%20viewBox%3D%220%200%20450%20300%22%3E%3C%2Fsvg%3E\" loading=\"eager\"><\/span><span class=\"fg-image-overlay\"><\/span><\/a><\/figure><div class=\"fg-loader\"><\/div><\/div><div class=\"fg-item fg-type-image fg-idle\"><figure class=\"fg-item-inner\"><a href=\"https:\/\/6x7.ch\/photographie\/wp-content\/uploads\/2022\/02\/Canon-EOS-1D-X-Mark-II-20220225-195927-4968.jpg\" data-attachment-id=\"3133\" data-type=\"image\" class=\"fg-thumb\"><span class=\"fg-image-wrap\"><img decoding=\"async\" height=\"300\" width=\"450\" class=\"skip-lazy fg-image\" data-src-fg=\"https:\/\/6x7.ch\/photographie\/wp-content\/uploads\/cache\/2022\/02\/Canon-EOS-1D-X-Mark-II-20220225-195927-4968\/996946235.jpg\" data-srcset-fg=\"https:\/\/6x7.ch\/photographie\/wp-content\/uploads\/cache\/2022\/02\/Canon-EOS-1D-X-Mark-II-20220225-195927-4968\/277231631.jpg 2x\" src=\"data:image\/svg+xml,%3Csvg%20xmlns%3D%22http%3A%2F%2Fwww.w3.org%2F2000%2Fsvg%22%20width%3D%22450%22%20height%3D%22300%22%20viewBox%3D%220%200%20450%20300%22%3E%3C%2Fsvg%3E\" loading=\"eager\"><\/span><span class=\"fg-image-overlay\"><\/span><\/a><\/figure><div class=\"fg-loader\"><\/div><\/div><div class=\"fg-item fg-type-image fg-idle\"><figure class=\"fg-item-inner\"><a href=\"https:\/\/6x7.ch\/photographie\/wp-content\/uploads\/2022\/02\/Canon-EOS-1D-X-Mark-II-20220225-200056-4971.jpg\" data-attachment-id=\"3134\" data-type=\"image\" class=\"fg-thumb\"><span class=\"fg-image-wrap\"><img decoding=\"async\" height=\"300\" width=\"450\" class=\"skip-lazy fg-image\" data-src-fg=\"https:\/\/6x7.ch\/photographie\/wp-content\/uploads\/cache\/2022\/02\/Canon-EOS-1D-X-Mark-II-20220225-200056-4971\/2972794532.jpg\" data-srcset-fg=\"https:\/\/6x7.ch\/photographie\/wp-content\/uploads\/cache\/2022\/02\/Canon-EOS-1D-X-Mark-II-20220225-200056-4971\/2598057872.jpg 2x\" src=\"data:image\/svg+xml,%3Csvg%20xmlns%3D%22http%3A%2F%2Fwww.w3.org%2F2000%2Fsvg%22%20width%3D%22450%22%20height%3D%22300%22%20viewBox%3D%220%200%20450%20300%22%3E%3C%2Fsvg%3E\" loading=\"eager\"><\/span><span class=\"fg-image-overlay\"><\/span><\/a><\/figure><div class=\"fg-loader\"><\/div><\/div><div class=\"fg-item fg-type-image fg-idle\"><figure class=\"fg-item-inner\"><a href=\"https:\/\/6x7.ch\/photographie\/wp-content\/uploads\/2022\/02\/Canon-EOS-1D-X-Mark-II-20220225-200228-4976.jpg\" data-attachment-id=\"3135\" data-type=\"image\" class=\"fg-thumb\"><span class=\"fg-image-wrap\"><img decoding=\"async\" height=\"300\" width=\"450\" class=\"skip-lazy fg-image\" data-src-fg=\"https:\/\/6x7.ch\/photographie\/wp-content\/uploads\/cache\/2022\/02\/Canon-EOS-1D-X-Mark-II-20220225-200228-4976\/964128534.jpg\" data-srcset-fg=\"https:\/\/6x7.ch\/photographie\/wp-content\/uploads\/cache\/2022\/02\/Canon-EOS-1D-X-Mark-II-20220225-200228-4976\/312305186.jpg 2x\" src=\"data:image\/svg+xml,%3Csvg%20xmlns%3D%22http%3A%2F%2Fwww.w3.org%2F2000%2Fsvg%22%20width%3D%22450%22%20height%3D%22300%22%20viewBox%3D%220%200%20450%20300%22%3E%3C%2Fsvg%3E\" loading=\"eager\"><\/span><span class=\"fg-image-overlay\"><\/span><\/a><\/figure><div class=\"fg-loader\"><\/div><\/div><div class=\"fg-item fg-type-image fg-idle\"><figure class=\"fg-item-inner\"><a href=\"https:\/\/6x7.ch\/photographie\/wp-content\/uploads\/2022\/02\/Canon-EOS-1D-X-Mark-II-20220225-200349-4977.jpg\" data-attachment-id=\"3136\" data-type=\"image\" class=\"fg-thumb\"><span class=\"fg-image-wrap\"><img decoding=\"async\" height=\"300\" width=\"450\" class=\"skip-lazy fg-image\" data-src-fg=\"https:\/\/6x7.ch\/photographie\/wp-content\/uploads\/cache\/2022\/02\/Canon-EOS-1D-X-Mark-II-20220225-200349-4977\/1836184012.jpg\" data-srcset-fg=\"https:\/\/6x7.ch\/photographie\/wp-content\/uploads\/cache\/2022\/02\/Canon-EOS-1D-X-Mark-II-20220225-200349-4977\/1184626936.jpg 2x\" src=\"data:image\/svg+xml,%3Csvg%20xmlns%3D%22http%3A%2F%2Fwww.w3.org%2F2000%2Fsvg%22%20width%3D%22450%22%20height%3D%22300%22%20viewBox%3D%220%200%20450%20300%22%3E%3C%2Fsvg%3E\" loading=\"eager\"><\/span><span class=\"fg-image-overlay\"><\/span><\/a><\/figure><div class=\"fg-loader\"><\/div><\/div><div class=\"fg-item fg-type-image fg-idle\"><figure class=\"fg-item-inner\"><a href=\"https:\/\/6x7.ch\/photographie\/wp-content\/uploads\/2022\/02\/NIKON-D7500-20220225-200343-0359-1.jpg\" data-attachment-id=\"3142\" data-type=\"image\" class=\"fg-thumb\"><span class=\"fg-image-wrap\"><img decoding=\"async\" height=\"300\" width=\"450\" class=\"skip-lazy fg-image\" data-src-fg=\"https:\/\/6x7.ch\/photographie\/wp-content\/uploads\/cache\/2022\/02\/NIKON-D7500-20220225-200343-0359-1\/2677759340.jpg\" data-srcset-fg=\"https:\/\/6x7.ch\/photographie\/wp-content\/uploads\/cache\/2022\/02\/NIKON-D7500-20220225-200343-0359-1\/1773534717.jpg 2x\" src=\"data:image\/svg+xml,%3Csvg%20xmlns%3D%22http%3A%2F%2Fwww.w3.org%2F2000%2Fsvg%22%20width%3D%22450%22%20height%3D%22300%22%20viewBox%3D%220%200%20450%20300%22%3E%3C%2Fsvg%3E\" loading=\"eager\"><\/span><span class=\"fg-image-overlay\"><\/span><\/a><\/figure><div class=\"fg-loader\"><\/div><\/div><\/div>\n","protected":false},"excerpt":{"rendered":"<p>Le Samse National Tour de saut sp\u00e9cial se d\u00e9roulait aux Rousses, vendredi 25 f\u00e9vrier 2022. Cette \u00e9preuve, destin\u00e9e au U13 et plus jeunes, \u00e9tait la premi\u00e8re de trois journ\u00e9es, les &#8230;<\/p>\n","protected":false},"author":2,"featured_media":3080,"comment_status":"closed","ping_status":"closed","sticky":false,"template":"","format":"standard","meta":{"_uag_custom_page_level_css":"","footnotes":""},"categories":[65],"tags":[],"class_list":["post-3139","post","type-post","status-publish","format-standard","has-post-thumbnail","hentry","category-saut-a-ski"],"yoast_head":"<!-- This site is optimized with the Yoast SEO plugin v27.5 - https:\/\/yoast.com\/product\/yoast-seo-wordpress\/ -->\n<title>Samse de saut \u00e0 ski aux Rousses - f\u00e9vrier 2022 - 6x7 images<\/title>\n<meta name=\"description\" content=\"Le Samse National Tour de saut sp\u00e9cial se d\u00e9roulait aux Rousses, vendredi 25 f\u00e9vrier 2022. Cette \u00e9preuve \u00e9tait destin\u00e9e au U13 et plus jeunes\" \/>\n<meta name=\"robots\" content=\"index, follow, max-snippet:-1, max-image-preview:large, max-video-preview:-1\" \/>\n<link rel=\"canonical\" href=\"https:\/\/6x7.ch\/photographie\/2022\/02\/samse-de-saut-a-ski-aux-rousses-fevrier-2022\/\" \/>\n<meta property=\"og:locale\" content=\"fr_FR\" \/>\n<meta property=\"og:type\" content=\"article\" \/>\n<meta property=\"og:title\" content=\"Samse de saut \u00e0 ski aux Rousses - f\u00e9vrier 2022 - 6x7 images\" \/>\n<meta property=\"og:description\" content=\"Le Samse National Tour de saut sp\u00e9cial se d\u00e9roulait aux Rousses, vendredi 25 f\u00e9vrier 2022. Cette \u00e9preuve \u00e9tait destin\u00e9e au U13 et plus jeunes\" \/>\n<meta property=\"og:url\" content=\"https:\/\/6x7.ch\/photographie\/2022\/02\/samse-de-saut-a-ski-aux-rousses-fevrier-2022\/\" \/>\n<meta property=\"og:site_name\" content=\"6x7 images\" \/>\n<meta property=\"article:publisher\" content=\"https:\/\/www.facebook.com\/sixparsept\/\" \/>\n<meta property=\"article:published_time\" content=\"2022-02-26T22:49:53+00:00\" \/>\n<meta property=\"article:modified_time\" content=\"2022-04-02T08:19:25+00:00\" \/>\n<meta property=\"og:image\" content=\"https:\/\/6x7.ch\/photographie\/wp-content\/uploads\/2022\/02\/Canon-EOS-1D-X-Mark-II-20220225-175407-4780-1024x682.jpg\" \/>\n\t<meta property=\"og:image:width\" content=\"1024\" \/>\n\t<meta property=\"og:image:height\" content=\"682\" \/>\n\t<meta property=\"og:image:type\" content=\"image\/jpeg\" \/>\n<meta name=\"author\" content=\"6x7\" \/>\n<meta name=\"twitter:card\" content=\"summary_large_image\" \/>\n<meta name=\"twitter:creator\" content=\"@sixparsept\" \/>\n<meta name=\"twitter:site\" content=\"@sixparsept\" \/>\n<meta name=\"twitter:label1\" content=\"\u00c9crit par\" \/>\n\t<meta name=\"twitter:data1\" content=\"6x7\" \/>\n\t<meta name=\"twitter:label2\" content=\"Dur\u00e9e de lecture estim\u00e9e\" \/>\n\t<meta name=\"twitter:data2\" content=\"1 minute\" \/>\n<script type=\"application\/ld+json\" class=\"yoast-schema-graph\">{\"@context\":\"https:\\\/\\\/schema.org\",\"@graph\":[{\"@type\":\"Article\",\"@id\":\"https:\\\/\\\/6x7.ch\\\/photographie\\\/2022\\\/02\\\/samse-de-saut-a-ski-aux-rousses-fevrier-2022\\\/#article\",\"isPartOf\":{\"@id\":\"https:\\\/\\\/6x7.ch\\\/photographie\\\/2022\\\/02\\\/samse-de-saut-a-ski-aux-rousses-fevrier-2022\\\/\"},\"author\":{\"name\":\"6x7\",\"@id\":\"https:\\\/\\\/6x7.ch\\\/photographie\\\/#\\\/schema\\\/person\\\/f8f7bf9c41ec11fdfa9415c6cea095ae\"},\"headline\":\"Samse de saut \u00e0 ski aux Rousses &#8211; f\u00e9vrier 2022\",\"datePublished\":\"2022-02-26T22:49:53+00:00\",\"dateModified\":\"2022-04-02T08:19:25+00:00\",\"mainEntityOfPage\":{\"@id\":\"https:\\\/\\\/6x7.ch\\\/photographie\\\/2022\\\/02\\\/samse-de-saut-a-ski-aux-rousses-fevrier-2022\\\/\"},\"wordCount\":180,\"publisher\":{\"@id\":\"https:\\\/\\\/6x7.ch\\\/photographie\\\/#organization\"},\"image\":{\"@id\":\"https:\\\/\\\/6x7.ch\\\/photographie\\\/2022\\\/02\\\/samse-de-saut-a-ski-aux-rousses-fevrier-2022\\\/#primaryimage\"},\"thumbnailUrl\":\"https:\\\/\\\/6x7.ch\\\/photographie\\\/wp-content\\\/uploads\\\/2022\\\/02\\\/Canon-EOS-1D-X-Mark-II-20220225-175407-4780.jpg\",\"articleSection\":[\"saut \u00e0 ski\"],\"inLanguage\":\"fr-FR\"},{\"@type\":\"WebPage\",\"@id\":\"https:\\\/\\\/6x7.ch\\\/photographie\\\/2022\\\/02\\\/samse-de-saut-a-ski-aux-rousses-fevrier-2022\\\/\",\"url\":\"https:\\\/\\\/6x7.ch\\\/photographie\\\/2022\\\/02\\\/samse-de-saut-a-ski-aux-rousses-fevrier-2022\\\/\",\"name\":\"Samse de saut \u00e0 ski aux Rousses - f\u00e9vrier 2022 - 6x7 images\",\"isPartOf\":{\"@id\":\"https:\\\/\\\/6x7.ch\\\/photographie\\\/#website\"},\"primaryImageOfPage\":{\"@id\":\"https:\\\/\\\/6x7.ch\\\/photographie\\\/2022\\\/02\\\/samse-de-saut-a-ski-aux-rousses-fevrier-2022\\\/#primaryimage\"},\"image\":{\"@id\":\"https:\\\/\\\/6x7.ch\\\/photographie\\\/2022\\\/02\\\/samse-de-saut-a-ski-aux-rousses-fevrier-2022\\\/#primaryimage\"},\"thumbnailUrl\":\"https:\\\/\\\/6x7.ch\\\/photographie\\\/wp-content\\\/uploads\\\/2022\\\/02\\\/Canon-EOS-1D-X-Mark-II-20220225-175407-4780.jpg\",\"datePublished\":\"2022-02-26T22:49:53+00:00\",\"dateModified\":\"2022-04-02T08:19:25+00:00\",\"description\":\"Le Samse National Tour de saut sp\u00e9cial se d\u00e9roulait aux Rousses, vendredi 25 f\u00e9vrier 2022. Cette \u00e9preuve \u00e9tait destin\u00e9e au U13 et plus jeunes\",\"breadcrumb\":{\"@id\":\"https:\\\/\\\/6x7.ch\\\/photographie\\\/2022\\\/02\\\/samse-de-saut-a-ski-aux-rousses-fevrier-2022\\\/#breadcrumb\"},\"inLanguage\":\"fr-FR\",\"potentialAction\":[{\"@type\":\"ReadAction\",\"target\":[\"https:\\\/\\\/6x7.ch\\\/photographie\\\/2022\\\/02\\\/samse-de-saut-a-ski-aux-rousses-fevrier-2022\\\/\"]}]},{\"@type\":\"ImageObject\",\"inLanguage\":\"fr-FR\",\"@id\":\"https:\\\/\\\/6x7.ch\\\/photographie\\\/2022\\\/02\\\/samse-de-saut-a-ski-aux-rousses-fevrier-2022\\\/#primaryimage\",\"url\":\"https:\\\/\\\/6x7.ch\\\/photographie\\\/wp-content\\\/uploads\\\/2022\\\/02\\\/Canon-EOS-1D-X-Mark-II-20220225-175407-4780.jpg\",\"contentUrl\":\"https:\\\/\\\/6x7.ch\\\/photographie\\\/wp-content\\\/uploads\\\/2022\\\/02\\\/Canon-EOS-1D-X-Mark-II-20220225-175407-4780.jpg\",\"width\":2000,\"height\":1333},{\"@type\":\"BreadcrumbList\",\"@id\":\"https:\\\/\\\/6x7.ch\\\/photographie\\\/2022\\\/02\\\/samse-de-saut-a-ski-aux-rousses-fevrier-2022\\\/#breadcrumb\",\"itemListElement\":[{\"@type\":\"ListItem\",\"position\":1,\"name\":\"Accueil\",\"item\":\"https:\\\/\\\/6x7.ch\\\/photographie\\\/\"},{\"@type\":\"ListItem\",\"position\":2,\"name\":\"Samse de saut \u00e0 ski aux Rousses &#8211; f\u00e9vrier 2022\"}]},{\"@type\":\"WebSite\",\"@id\":\"https:\\\/\\\/6x7.ch\\\/photographie\\\/#website\",\"url\":\"https:\\\/\\\/6x7.ch\\\/photographie\\\/\",\"name\":\"6x7 images\",\"description\":\"42 photographies ... et quelques ...\",\"publisher\":{\"@id\":\"https:\\\/\\\/6x7.ch\\\/photographie\\\/#organization\"},\"potentialAction\":[{\"@type\":\"SearchAction\",\"target\":{\"@type\":\"EntryPoint\",\"urlTemplate\":\"https:\\\/\\\/6x7.ch\\\/photographie\\\/?s={search_term_string}\"},\"query-input\":{\"@type\":\"PropertyValueSpecification\",\"valueRequired\":true,\"valueName\":\"search_term_string\"}}],\"inLanguage\":\"fr-FR\"},{\"@type\":\"Organization\",\"@id\":\"https:\\\/\\\/6x7.ch\\\/photographie\\\/#organization\",\"name\":\"6x7\",\"url\":\"https:\\\/\\\/6x7.ch\\\/photographie\\\/\",\"logo\":{\"@type\":\"ImageObject\",\"inLanguage\":\"fr-FR\",\"@id\":\"https:\\\/\\\/6x7.ch\\\/photographie\\\/#\\\/schema\\\/logo\\\/image\\\/\",\"url\":\"https:\\\/\\\/i2.wp.com\\\/6x7.ch\\\/photographie\\\/wp-content\\\/uploads\\\/2017\\\/04\\\/logo-6x7-seul.png?fit=198%2C170&ssl=1\",\"contentUrl\":\"https:\\\/\\\/i2.wp.com\\\/6x7.ch\\\/photographie\\\/wp-content\\\/uploads\\\/2017\\\/04\\\/logo-6x7-seul.png?fit=198%2C170&ssl=1\",\"width\":198,\"height\":170,\"caption\":\"6x7\"},\"image\":{\"@id\":\"https:\\\/\\\/6x7.ch\\\/photographie\\\/#\\\/schema\\\/logo\\\/image\\\/\"},\"sameAs\":[\"https:\\\/\\\/www.facebook.com\\\/sixparsept\\\/\",\"https:\\\/\\\/x.com\\\/sixparsept\",\"https:\\\/\\\/www.instagram.com\\\/laurent.merat\\\/\",\"https:\\\/\\\/www.linkedin.com\\\/in\\\/laurent-merat-024a1689\\\/\"]},{\"@type\":\"Person\",\"@id\":\"https:\\\/\\\/6x7.ch\\\/photographie\\\/#\\\/schema\\\/person\\\/f8f7bf9c41ec11fdfa9415c6cea095ae\",\"name\":\"6x7\",\"sameAs\":[\"http:\\\/\\\/6x7.ch\"]}]}<\/script>\n<!-- \/ Yoast SEO plugin. -->","yoast_head_json":{"title":"Samse de saut \u00e0 ski aux Rousses - f\u00e9vrier 2022 - 6x7 images","description":"Le Samse National Tour de saut sp\u00e9cial se d\u00e9roulait aux Rousses, vendredi 25 f\u00e9vrier 2022. Cette \u00e9preuve \u00e9tait destin\u00e9e au U13 et plus jeunes","robots":{"index":"index","follow":"follow","max-snippet":"max-snippet:-1","max-image-preview":"max-image-preview:large","max-video-preview":"max-video-preview:-1"},"canonical":"https:\/\/6x7.ch\/photographie\/2022\/02\/samse-de-saut-a-ski-aux-rousses-fevrier-2022\/","og_locale":"fr_FR","og_type":"article","og_title":"Samse de saut \u00e0 ski aux Rousses - f\u00e9vrier 2022 - 6x7 images","og_description":"Le Samse National Tour de saut sp\u00e9cial se d\u00e9roulait aux Rousses, vendredi 25 f\u00e9vrier 2022. Cette \u00e9preuve \u00e9tait destin\u00e9e au U13 et plus jeunes","og_url":"https:\/\/6x7.ch\/photographie\/2022\/02\/samse-de-saut-a-ski-aux-rousses-fevrier-2022\/","og_site_name":"6x7 images","article_publisher":"https:\/\/www.facebook.com\/sixparsept\/","article_published_time":"2022-02-26T22:49:53+00:00","article_modified_time":"2022-04-02T08:19:25+00:00","og_image":[{"width":1024,"height":682,"url":"https:\/\/6x7.ch\/photographie\/wp-content\/uploads\/2022\/02\/Canon-EOS-1D-X-Mark-II-20220225-175407-4780-1024x682.jpg","type":"image\/jpeg"}],"author":"6x7","twitter_card":"summary_large_image","twitter_creator":"@sixparsept","twitter_site":"@sixparsept","twitter_misc":{"\u00c9crit par":"6x7","Dur\u00e9e de lecture estim\u00e9e":"1 minute"},"schema":{"@context":"https:\/\/schema.org","@graph":[{"@type":"Article","@id":"https:\/\/6x7.ch\/photographie\/2022\/02\/samse-de-saut-a-ski-aux-rousses-fevrier-2022\/#article","isPartOf":{"@id":"https:\/\/6x7.ch\/photographie\/2022\/02\/samse-de-saut-a-ski-aux-rousses-fevrier-2022\/"},"author":{"name":"6x7","@id":"https:\/\/6x7.ch\/photographie\/#\/schema\/person\/f8f7bf9c41ec11fdfa9415c6cea095ae"},"headline":"Samse de saut \u00e0 ski aux Rousses &#8211; f\u00e9vrier 2022","datePublished":"2022-02-26T22:49:53+00:00","dateModified":"2022-04-02T08:19:25+00:00","mainEntityOfPage":{"@id":"https:\/\/6x7.ch\/photographie\/2022\/02\/samse-de-saut-a-ski-aux-rousses-fevrier-2022\/"},"wordCount":180,"publisher":{"@id":"https:\/\/6x7.ch\/photographie\/#organization"},"image":{"@id":"https:\/\/6x7.ch\/photographie\/2022\/02\/samse-de-saut-a-ski-aux-rousses-fevrier-2022\/#primaryimage"},"thumbnailUrl":"https:\/\/6x7.ch\/photographie\/wp-content\/uploads\/2022\/02\/Canon-EOS-1D-X-Mark-II-20220225-175407-4780.jpg","articleSection":["saut \u00e0 ski"],"inLanguage":"fr-FR"},{"@type":"WebPage","@id":"https:\/\/6x7.ch\/photographie\/2022\/02\/samse-de-saut-a-ski-aux-rousses-fevrier-2022\/","url":"https:\/\/6x7.ch\/photographie\/2022\/02\/samse-de-saut-a-ski-aux-rousses-fevrier-2022\/","name":"Samse de saut \u00e0 ski aux Rousses - f\u00e9vrier 2022 - 6x7 images","isPartOf":{"@id":"https:\/\/6x7.ch\/photographie\/#website"},"primaryImageOfPage":{"@id":"https:\/\/6x7.ch\/photographie\/2022\/02\/samse-de-saut-a-ski-aux-rousses-fevrier-2022\/#primaryimage"},"image":{"@id":"https:\/\/6x7.ch\/photographie\/2022\/02\/samse-de-saut-a-ski-aux-rousses-fevrier-2022\/#primaryimage"},"thumbnailUrl":"https:\/\/6x7.ch\/photographie\/wp-content\/uploads\/2022\/02\/Canon-EOS-1D-X-Mark-II-20220225-175407-4780.jpg","datePublished":"2022-02-26T22:49:53+00:00","dateModified":"2022-04-02T08:19:25+00:00","description":"Le Samse National Tour de saut sp\u00e9cial se d\u00e9roulait aux Rousses, vendredi 25 f\u00e9vrier 2022. Cette \u00e9preuve \u00e9tait destin\u00e9e au U13 et plus jeunes","breadcrumb":{"@id":"https:\/\/6x7.ch\/photographie\/2022\/02\/samse-de-saut-a-ski-aux-rousses-fevrier-2022\/#breadcrumb"},"inLanguage":"fr-FR","potentialAction":[{"@type":"ReadAction","target":["https:\/\/6x7.ch\/photographie\/2022\/02\/samse-de-saut-a-ski-aux-rousses-fevrier-2022\/"]}]},{"@type":"ImageObject","inLanguage":"fr-FR","@id":"https:\/\/6x7.ch\/photographie\/2022\/02\/samse-de-saut-a-ski-aux-rousses-fevrier-2022\/#primaryimage","url":"https:\/\/6x7.ch\/photographie\/wp-content\/uploads\/2022\/02\/Canon-EOS-1D-X-Mark-II-20220225-175407-4780.jpg","contentUrl":"https:\/\/6x7.ch\/photographie\/wp-content\/uploads\/2022\/02\/Canon-EOS-1D-X-Mark-II-20220225-175407-4780.jpg","width":2000,"height":1333},{"@type":"BreadcrumbList","@id":"https:\/\/6x7.ch\/photographie\/2022\/02\/samse-de-saut-a-ski-aux-rousses-fevrier-2022\/#breadcrumb","itemListElement":[{"@type":"ListItem","position":1,"name":"Accueil","item":"https:\/\/6x7.ch\/photographie\/"},{"@type":"ListItem","position":2,"name":"Samse de saut \u00e0 ski aux Rousses &#8211; f\u00e9vrier 2022"}]},{"@type":"WebSite","@id":"https:\/\/6x7.ch\/photographie\/#website","url":"https:\/\/6x7.ch\/photographie\/","name":"6x7 images","description":"42 photographies ... et quelques ...","publisher":{"@id":"https:\/\/6x7.ch\/photographie\/#organization"},"potentialAction":[{"@type":"SearchAction","target":{"@type":"EntryPoint","urlTemplate":"https:\/\/6x7.ch\/photographie\/?s={search_term_string}"},"query-input":{"@type":"PropertyValueSpecification","valueRequired":true,"valueName":"search_term_string"}}],"inLanguage":"fr-FR"},{"@type":"Organization","@id":"https:\/\/6x7.ch\/photographie\/#organization","name":"6x7","url":"https:\/\/6x7.ch\/photographie\/","logo":{"@type":"ImageObject","inLanguage":"fr-FR","@id":"https:\/\/6x7.ch\/photographie\/#\/schema\/logo\/image\/","url":"https:\/\/i2.wp.com\/6x7.ch\/photographie\/wp-content\/uploads\/2017\/04\/logo-6x7-seul.png?fit=198%2C170&ssl=1","contentUrl":"https:\/\/i2.wp.com\/6x7.ch\/photographie\/wp-content\/uploads\/2017\/04\/logo-6x7-seul.png?fit=198%2C170&ssl=1","width":198,"height":170,"caption":"6x7"},"image":{"@id":"https:\/\/6x7.ch\/photographie\/#\/schema\/logo\/image\/"},"sameAs":["https:\/\/www.facebook.com\/sixparsept\/","https:\/\/x.com\/sixparsept","https:\/\/www.instagram.com\/laurent.merat\/","https:\/\/www.linkedin.com\/in\/laurent-merat-024a1689\/"]},{"@type":"Person","@id":"https:\/\/6x7.ch\/photographie\/#\/schema\/person\/f8f7bf9c41ec11fdfa9415c6cea095ae","name":"6x7","sameAs":["http:\/\/6x7.ch"]}]}},"uagb_featured_image_src":{"full":["https:\/\/6x7.ch\/photographie\/wp-content\/uploads\/2022\/02\/Canon-EOS-1D-X-Mark-II-20220225-175407-4780.jpg",2000,1333,false],"thumbnail":["https:\/\/6x7.ch\/photographie\/wp-content\/uploads\/2022\/02\/Canon-EOS-1D-X-Mark-II-20220225-175407-4780-150x100.jpg",150,100,true],"medium":["https:\/\/6x7.ch\/photographie\/wp-content\/uploads\/2022\/02\/Canon-EOS-1D-X-Mark-II-20220225-175407-4780-300x200.jpg",300,200,true],"medium_large":["https:\/\/6x7.ch\/photographie\/wp-content\/uploads\/2022\/02\/Canon-EOS-1D-X-Mark-II-20220225-175407-4780-768x512.jpg",768,512,true],"large":["https:\/\/6x7.ch\/photographie\/wp-content\/uploads\/2022\/02\/Canon-EOS-1D-X-Mark-II-20220225-175407-4780-1024x682.jpg",800,533,true],"1536x1536":["https:\/\/6x7.ch\/photographie\/wp-content\/uploads\/2022\/02\/Canon-EOS-1D-X-Mark-II-20220225-175407-4780-1536x1024.jpg",1536,1024,true],"2048x2048":["https:\/\/6x7.ch\/photographie\/wp-content\/uploads\/2022\/02\/Canon-EOS-1D-X-Mark-II-20220225-175407-4780.jpg",2000,1333,false],"onepress-blog-small":["https:\/\/6x7.ch\/photographie\/wp-content\/uploads\/2022\/02\/Canon-EOS-1D-X-Mark-II-20220225-175407-4780-300x150.jpg",300,150,true],"onepress-small":["https:\/\/6x7.ch\/photographie\/wp-content\/uploads\/2022\/02\/Canon-EOS-1D-X-Mark-II-20220225-175407-4780-480x300.jpg",480,300,true],"onepress-medium":["https:\/\/6x7.ch\/photographie\/wp-content\/uploads\/2022\/02\/Canon-EOS-1D-X-Mark-II-20220225-175407-4780-640x400.jpg",640,400,true]},"uagb_author_info":{"display_name":"6x7","author_link":"https:\/\/6x7.ch\/photographie\/author\/_42_\/"},"uagb_comment_info":0,"uagb_excerpt":"Le Samse National Tour de saut sp\u00e9cial se d\u00e9roulait aux Rousses, vendredi 25 f\u00e9vrier 2022. Cette \u00e9preuve, destin\u00e9e au U13 et plus jeunes, \u00e9tait la premi\u00e8re de trois journ\u00e9es, les ...","_links":{"self":[{"href":"https:\/\/6x7.ch\/photographie\/wp-json\/wp\/v2\/posts\/3139","targetHints":{"allow":["GET"]}}],"collection":[{"href":"https:\/\/6x7.ch\/photographie\/wp-json\/wp\/v2\/posts"}],"about":[{"href":"https:\/\/6x7.ch\/photographie\/wp-json\/wp\/v2\/types\/post"}],"author":[{"embeddable":true,"href":"https:\/\/6x7.ch\/photographie\/wp-json\/wp\/v2\/users\/2"}],"replies":[{"embeddable":true,"href":"https:\/\/6x7.ch\/photographie\/wp-json\/wp\/v2\/comments?post=3139"}],"version-history":[{"count":0,"href":"https:\/\/6x7.ch\/photographie\/wp-json\/wp\/v2\/posts\/3139\/revisions"}],"wp:featuredmedia":[{"embeddable":true,"href":"https:\/\/6x7.ch\/photographie\/wp-json\/wp\/v2\/media\/3080"}],"wp:attachment":[{"href":"https:\/\/6x7.ch\/photographie\/wp-json\/wp\/v2\/media?parent=3139"}],"wp:term":[{"taxonomy":"category","embeddable":true,"href":"https:\/\/6x7.ch\/photographie\/wp-json\/wp\/v2\/categories?post=3139"},{"taxonomy":"post_tag","embeddable":true,"href":"https:\/\/6x7.ch\/photographie\/wp-json\/wp\/v2\/tags?post=3139"}],"curies":[{"name":"wp","href":"https:\/\/api.w.org\/{rel}","templated":true}]}}